


{"id":9250,"date":"2015-07-13T09:27:44","date_gmt":"2015-07-13T09:27:44","guid":{"rendered":"http:\/\/www.flurhof.com\/web\/?p=9250"},"modified":"2015-07-13T09:27:44","modified_gmt":"2015-07-13T09:27:44","slug":"springturnier-flond-10-12-07-2015","status":"publish","type":"post","link":"https:\/\/flurhof.com\/index.php\/2015\/07\/13\/springturnier-flond-10-12-07-2015\/","title":{"rendered":"Springturnier Flond 10.-12.07.2015"},"content":{"rendered":"<p>Viva la Grischa!!!! &#8211; Dieses Wochenende zog es die meisten\u00a0 &#8222;Flurh\u00f6fler&#8220; nach Flond an das wundersch\u00f6ne Turnier von unserem Freund Fabien Walder.<\/p>\n<p>Das Springturnier war wie gewohnt sehr liebevoll und top organisiert &#8211; somit stand einem tollen Wochenende mit viel Spass und bestem Wetter nichts mehr im Wege. \ud83d\ude42<\/p>\n<p>Sportlich gesehen lag bei uns Sonne und Schatten nah beieinander&#8230; die einen nahmen Siege mit nach Hause, die anderen k\u00e4mpften sich durch H\u00f6hen und Tiefen. \ud83d\ude42<\/p>\n<p>Aber seht selbst:<\/p>\n<p><a href=\"http:\/\/www.flurhof.com\/web\/wp-content\/uploads\/2015\/07\/20150710_171140.jpg\" data-rel=\"lightbox-gallery-Ghs2guOb\" data-rl_title=\"\" data-rl_caption=\"\"><img loading=\"lazy\" decoding=\"async\" class=\"alignnone size-medium wp-image-9257\" title=\"\" src=\"http:\/\/www.flurhof.com\/web\/wp-content\/uploads\/2015\/07\/20150710_171140-300x225.jpg\" alt=\"\" width=\"300\" height=\"225\" \/><\/a><\/p>\n<p>Freitag-Nachmittag wurden die Sachen gepackt und los ging&#8217;s! &#8230;.ohne Bodo!!!!<\/p>\n<p><a href=\"http:\/\/www.flurhof.com\/web\/wp-content\/uploads\/2015\/07\/20150710_175505.jpg\" data-rel=\"lightbox-gallery-Ghs2guOb\" data-rl_title=\"\" data-rl_caption=\"\"><img loading=\"lazy\" decoding=\"async\" title=\"\" src=\"http:\/\/www.flurhof.com\/web\/wp-content\/uploads\/2015\/07\/20150710_175505-300x168.jpg\" alt=\"\" width=\"300\" height=\"168\" \/><\/a><\/p>\n<p>Kevin wurde schon zu Beginn &#8222;eingefuchst&#8220; und arbeitet sich vom Stallburschen hoch zum Top-Pfleger!!!<\/p>\n<p><a href=\"http:\/\/www.flurhof.com\/web\/wp-content\/uploads\/2015\/07\/20150710_181128.jpg\" data-rel=\"lightbox-gallery-Ghs2guOb\" data-rl_title=\"\" data-rl_caption=\"\"><img loading=\"lazy\" decoding=\"async\" title=\"\" src=\"http:\/\/www.flurhof.com\/web\/wp-content\/uploads\/2015\/07\/20150710_181128-168x300.jpg\" alt=\"\" width=\"168\" height=\"300\" \/><\/a><\/p>\n<p>Organisator F\u00e4bi hat alles im Griff<\/p>\n<p><a href=\"http:\/\/www.flurhof.com\/web\/wp-content\/uploads\/2015\/07\/20150710_212301.jpg\" data-rel=\"lightbox-gallery-Ghs2guOb\" data-rl_title=\"\" data-rl_caption=\"\"><img loading=\"lazy\" decoding=\"async\" class=\"alignnone size-medium wp-image-9260\" title=\"\" src=\"http:\/\/www.flurhof.com\/web\/wp-content\/uploads\/2015\/07\/20150710_212301-300x168.jpg\" alt=\"\" width=\"300\" height=\"168\" \/><\/a><\/p>\n<p>Das gem\u00fctliches beisammen sitzen am Abend durfte nat\u00fcrlich nicht fehlen..<\/p>\n<p><a href=\"http:\/\/www.flurhof.com\/web\/wp-content\/uploads\/2015\/07\/20150710_212325.jpg\" data-rel=\"lightbox-gallery-Ghs2guOb\" data-rl_title=\"\" data-rl_caption=\"\"><img loading=\"lazy\" decoding=\"async\" class=\"alignnone size-medium wp-image-9261\" title=\"\" src=\"http:\/\/www.flurhof.com\/web\/wp-content\/uploads\/2015\/07\/20150710_212325-300x168.jpg\" alt=\"\" width=\"300\" height=\"168\" \/><\/a><\/p>\n<p>Der Stamm-Tisch mit Vorarlberger Unterst\u00fctztung von Miri!<\/p>\n<p><a href=\"http:\/\/www.flurhof.com\/web\/wp-content\/uploads\/2015\/07\/20150711_103922.jpg\" data-rel=\"lightbox-gallery-Ghs2guOb\" data-rl_title=\"\" data-rl_caption=\"\"><img loading=\"lazy\" decoding=\"async\" class=\"alignnone size-medium wp-image-9263\" title=\"\" src=\"http:\/\/www.flurhof.com\/web\/wp-content\/uploads\/2015\/07\/20150711_103922-168x300.jpg\" alt=\"\" width=\"168\" height=\"300\" \/><\/a><\/p>\n<p>Samstag Morgen traffen dann die n\u00e4chsten Flurh\u00f6fler in Flond ein &#8211; Rico mit Vivaldi&#8230;<\/p>\n<p><a href=\"http:\/\/www.flurhof.com\/web\/wp-content\/uploads\/2015\/07\/20150711_103908.jpg\" data-rel=\"lightbox-gallery-Ghs2guOb\" data-rl_title=\"\" data-rl_caption=\"\"><img loading=\"lazy\" decoding=\"async\" class=\"alignnone size-medium wp-image-9262\" title=\"\" src=\"http:\/\/www.flurhof.com\/web\/wp-content\/uploads\/2015\/07\/20150711_103908-168x300.jpg\" alt=\"\" width=\"168\" height=\"300\" \/><\/a><\/p>\n<p>&#8230;nat\u00fcrlich in Begleitung von Nadine und Cindy<\/p>\n<p><a href=\"http:\/\/www.flurhof.com\/web\/wp-content\/uploads\/2015\/07\/DSC_0046.jpg\" data-rel=\"lightbox-gallery-Ghs2guOb\" data-rl_title=\"\" data-rl_caption=\"\"><img loading=\"lazy\" decoding=\"async\" class=\"alignnone size-medium wp-image-9274\" title=\"\" src=\"http:\/\/www.flurhof.com\/web\/wp-content\/uploads\/2015\/07\/DSC_0046-300x201.jpg\" alt=\"\" width=\"300\" height=\"201\" \/><\/a><\/p>\n<p>Roli und Joel verfolgten das Geschehen aus der ersten Reihe<\/p>\n<p><a href=\"http:\/\/www.flurhof.com\/web\/wp-content\/uploads\/2015\/07\/DSC_0149.jpg\" data-rel=\"lightbox-gallery-Ghs2guOb\" data-rl_title=\"\" data-rl_caption=\"\"><img loading=\"lazy\" decoding=\"async\" class=\"alignnone size-medium wp-image-9281\" title=\"\" src=\"http:\/\/www.flurhof.com\/web\/wp-content\/uploads\/2015\/07\/DSC_0149-300x201.jpg\" alt=\"\" width=\"300\" height=\"201\" \/><\/a><\/p>\n<p>Cindy und Vivaldi &#8211; ein super Team<\/p>\n<p><a href=\"http:\/\/www.flurhof.com\/web\/wp-content\/uploads\/2015\/07\/DSC_0152.jpg\" data-rel=\"lightbox-gallery-Ghs2guOb\" data-rl_title=\"\" data-rl_caption=\"\"><img loading=\"lazy\" decoding=\"async\" class=\"alignnone size-medium wp-image-9282\" title=\"\" src=\"http:\/\/www.flurhof.com\/web\/wp-content\/uploads\/2015\/07\/DSC_0152-300x201.jpg\" alt=\"\" width=\"300\" height=\"201\" \/><\/a><\/p>\n<p>F\u00e4bi und For Fly auf Angriff<\/p>\n<p><a href=\"http:\/\/www.flurhof.com\/web\/wp-content\/uploads\/2015\/07\/DSC_0019.jpg\" data-rel=\"lightbox-gallery-Ghs2guOb\" data-rl_title=\"\" data-rl_caption=\"\"><img loading=\"lazy\" decoding=\"async\" class=\"alignnone size-medium wp-image-9272\" title=\"\" src=\"http:\/\/www.flurhof.com\/web\/wp-content\/uploads\/2015\/07\/DSC_0019-300x201.jpg\" alt=\"\" width=\"300\" height=\"201\" \/><\/a><\/p>\n<p>&#8230;. Platz 1 und 2 f\u00fcr Cindy und F\u00e4bi. Herzliche Gratulation!<\/p>\n<p><a href=\"http:\/\/www.flurhof.com\/web\/wp-content\/uploads\/2015\/07\/IMG-20150712-WA0002.jpg\" data-rel=\"lightbox-gallery-Ghs2guOb\" data-rl_title=\"\" data-rl_caption=\"\"><img loading=\"lazy\" decoding=\"async\" title=\"\" src=\"http:\/\/www.flurhof.com\/web\/wp-content\/uploads\/2015\/07\/IMG-20150712-WA0002-300x225.jpg\" alt=\"\" width=\"300\" height=\"225\" \/><\/a><\/p>\n<p>Stanley und Vivaldi &#8211; zwei die sich verstehen \ud83d\ude42<\/p>\n<p><a href=\"http:\/\/www.flurhof.com\/web\/wp-content\/uploads\/2015\/07\/20150712_093552.jpg\" data-rel=\"lightbox-gallery-Ghs2guOb\" data-rl_title=\"\" data-rl_caption=\"\"><img loading=\"lazy\" decoding=\"async\" class=\"alignnone size-medium wp-image-9269\" title=\"\" src=\"http:\/\/www.flurhof.com\/web\/wp-content\/uploads\/2015\/07\/20150712_093552-300x168.jpg\" alt=\"\" width=\"300\" height=\"168\" \/><\/a><\/p>\n<p>der Fanclub suchte den Schatten<\/p>\n<p><a href=\"http:\/\/www.flurhof.com\/web\/wp-content\/uploads\/2015\/07\/IMG-20150712-WA0017.jpg\" data-rel=\"lightbox-gallery-Ghs2guOb\" data-rl_title=\"\" data-rl_caption=\"\"><img loading=\"lazy\" decoding=\"async\" class=\"alignnone size-medium wp-image-9291\" title=\"\" src=\"http:\/\/www.flurhof.com\/web\/wp-content\/uploads\/2015\/07\/IMG-20150712-WA0017-225x300.jpg\" alt=\"\" width=\"225\" height=\"300\" \/><\/a><\/p>\n<p>Kathi und Viola &#8211; einmal kuscheln vor dem Start \ud83d\ude09<\/p>\n<p><a href=\"http:\/\/www.flurhof.com\/web\/wp-content\/uploads\/2015\/07\/DSC_0065.jpg\" data-rel=\"lightbox-gallery-Ghs2guOb\" data-rl_title=\"\" data-rl_caption=\"\"><img loading=\"lazy\" decoding=\"async\" class=\"alignnone size-medium wp-image-9275\" title=\"\" src=\"http:\/\/www.flurhof.com\/web\/wp-content\/uploads\/2015\/07\/DSC_0065-300x216.jpg\" alt=\"\" width=\"300\" height=\"216\" \/><\/a><\/p>\n<p>Laura ist nach langer Zeit wieder zur\u00fcck im Turniergeschehen<\/p>\n<p><a href=\"http:\/\/www.flurhof.com\/web\/wp-content\/uploads\/2015\/07\/20150712_093241.jpg\" data-rel=\"lightbox-gallery-Ghs2guOb\" data-rl_title=\"\" data-rl_caption=\"\"><img loading=\"lazy\" decoding=\"async\" class=\"alignnone size-medium wp-image-9268\" title=\"\" src=\"http:\/\/www.flurhof.com\/web\/wp-content\/uploads\/2015\/07\/20150712_093241-300x168.jpg\" alt=\"\" width=\"300\" height=\"168\" \/><\/a><\/p>\n<p>die Ruhe vor dem Sturm &#8211; Viola und Valentina warten auf ihren Einsatz<\/p>\n<p><a href=\"http:\/\/www.flurhof.com\/web\/wp-content\/uploads\/2015\/07\/IMG-20150712-WA0013.jpg\" data-rel=\"lightbox-gallery-Ghs2guOb\" data-rl_title=\"\" data-rl_caption=\"\"><img loading=\"lazy\" decoding=\"async\" class=\"alignnone size-medium wp-image-9289\" title=\"\" src=\"http:\/\/www.flurhof.com\/web\/wp-content\/uploads\/2015\/07\/IMG-20150712-WA0013-300x225.jpg\" alt=\"\" width=\"300\" height=\"225\" \/><\/a><\/p>\n<p>Einmal kurz den Schatten suchen.. unser M\u00e4dels-Trio: Cindy, Nicole und Kati<\/p>\n<p><a href=\"http:\/\/www.flurhof.com\/web\/wp-content\/uploads\/2015\/07\/IMG-20150711-WA0015.jpg\" data-rel=\"lightbox-gallery-Ghs2guOb\" data-rl_title=\"\" data-rl_caption=\"\"><img loading=\"lazy\" decoding=\"async\" class=\"alignnone size-medium wp-image-9285\" title=\"\" src=\"http:\/\/www.flurhof.com\/web\/wp-content\/uploads\/2015\/07\/IMG-20150711-WA0015-168x300.jpg\" alt=\"\" width=\"168\" height=\"300\" \/><\/a><\/p>\n<p>Angelika mit Schleifenpony Chiwas<\/p>\n<p><a href=\"http:\/\/www.flurhof.com\/web\/wp-content\/uploads\/2015\/07\/DSC_0121.jpg\" data-rel=\"lightbox-gallery-Ghs2guOb\" data-rl_title=\"\" data-rl_caption=\"\"><img loading=\"lazy\" decoding=\"async\" class=\"alignnone size-medium wp-image-9280\" title=\"\" src=\"http:\/\/www.flurhof.com\/web\/wp-content\/uploads\/2015\/07\/DSC_0121-300x201.jpg\" alt=\"\" width=\"300\" height=\"201\" \/><\/a><\/p>\n<p>Gew\u00f6hnlich bringt SIE jeden vor die Linse.. endlich mal ein Foto von unserem top Flurhof-Paparazzi Uschi!<\/p>\n<p><a href=\"http:\/\/www.flurhof.com\/web\/wp-content\/uploads\/2015\/07\/20150712_091147.jpg\" data-rel=\"lightbox-gallery-Ghs2guOb\" data-rl_title=\"\" data-rl_caption=\"\"><img loading=\"lazy\" decoding=\"async\" class=\"alignnone size-medium wp-image-9266\" title=\"\" src=\"http:\/\/www.flurhof.com\/web\/wp-content\/uploads\/2015\/07\/20150712_091147-168x300.jpg\" alt=\"\" width=\"168\" height=\"300\" \/><\/a><\/p>\n<p>Unser Gold-Pferdchen Kilmorane war bei Nadine in besten H\u00e4nden..<\/p>\n<p><a href=\"http:\/\/www.flurhof.com\/web\/wp-content\/uploads\/2015\/07\/IMG-20150712-WA0014.jpg\" data-rel=\"lightbox-gallery-Ghs2guOb\" data-rl_title=\"\" data-rl_caption=\"\"><img loading=\"lazy\" decoding=\"async\" class=\"alignnone size-medium wp-image-9290\" title=\"\" src=\"http:\/\/www.flurhof.com\/web\/wp-content\/uploads\/2015\/07\/IMG-20150712-WA0014-225x300.jpg\" alt=\"\" width=\"225\" height=\"300\" \/><\/a><\/p>\n<p>Seit Jahren die Sponsoren der Plauschpr\u00fcfung in Flond.. unser Roland und unsere Silvia Kuratli<\/p>\n<p><a href=\"http:\/\/www.flurhof.com\/web\/wp-content\/uploads\/2015\/07\/DSC_0035.jpg\" data-rel=\"lightbox-gallery-Ghs2guOb\" data-rl_title=\"\" data-rl_caption=\"\"><img loading=\"lazy\" decoding=\"async\" class=\"alignnone size-medium wp-image-9273\" title=\"\" src=\"http:\/\/www.flurhof.com\/web\/wp-content\/uploads\/2015\/07\/DSC_0035-300x201.jpg\" alt=\"\" width=\"300\" height=\"201\" \/><\/a><\/p>\n<p>unterwegs zur Siegerehrung? Gut m\u00f6glich.. denn 3 Pr\u00fcfungen wurden durch Cindy und Nicole f\u00fcr den Flurhof entschieden!<\/p>\n<p><a href=\"http:\/\/www.flurhof.com\/web\/wp-content\/uploads\/2015\/07\/IMG-20150711-WA0008.jpg\" data-rel=\"lightbox-gallery-Ghs2guOb\" data-rl_title=\"\" data-rl_caption=\"\"><img loading=\"lazy\" decoding=\"async\" class=\"alignnone size-medium wp-image-9284\" title=\"\" src=\"http:\/\/www.flurhof.com\/web\/wp-content\/uploads\/2015\/07\/IMG-20150711-WA0008-168x300.jpg\" alt=\"\" width=\"168\" height=\"300\" \/><\/a><\/p>\n<p>Nicole und Killi die Schleifchenj\u00e4gerinnen!<\/p>\n<p><a href=\"http:\/\/www.flurhof.com\/web\/wp-content\/uploads\/2015\/07\/20150712_113204.jpg\" data-rel=\"lightbox-gallery-Ghs2guOb\" data-rl_title=\"\" data-rl_caption=\"\"><img loading=\"lazy\" decoding=\"async\" class=\"alignnone size-medium wp-image-9270\" title=\"\" src=\"http:\/\/www.flurhof.com\/web\/wp-content\/uploads\/2015\/07\/20150712_113204-300x168.jpg\" alt=\"\" width=\"300\" height=\"168\" \/><\/a><\/p>\n<p>Cindy und das Seepferdchen!<\/p>\n<p><a href=\"http:\/\/www.flurhof.com\/web\/wp-content\/uploads\/2015\/07\/20150712_113250.jpg\" data-rel=\"lightbox-gallery-Ghs2guOb\" data-rl_title=\"\" data-rl_caption=\"\"><img loading=\"lazy\" decoding=\"async\" class=\"alignnone size-medium wp-image-9271\" title=\"\" src=\"http:\/\/www.flurhof.com\/web\/wp-content\/uploads\/2015\/07\/20150712_113250-168x300.jpg\" alt=\"\" width=\"168\" height=\"300\" \/><\/a><\/p>\n<p>Kati und F\u00e4bi beim Morgen spatziergang!<\/p>\n<p><a href=\"http:\/\/www.flurhof.com\/web\/wp-content\/uploads\/2015\/07\/20150712_091211.jpg\" data-rel=\"lightbox-gallery-Ghs2guOb\" data-rl_title=\"\" data-rl_caption=\"\"><img loading=\"lazy\" decoding=\"async\" class=\"alignnone size-medium wp-image-9267\" title=\"\" src=\"http:\/\/www.flurhof.com\/web\/wp-content\/uploads\/2015\/07\/20150712_091211-168x300.jpg\" alt=\"\" width=\"168\" height=\"300\" \/><\/a><\/p>\n<p>Hinter Gitter &#8211; der Frauenknast \ud83d\ude09<\/p>\n<p><a href=\"http:\/\/www.flurhof.com\/web\/wp-content\/uploads\/2015\/07\/20150712_091108.jpg\" data-rel=\"lightbox-gallery-Ghs2guOb\" data-rl_title=\"\" data-rl_caption=\"\"><img loading=\"lazy\" decoding=\"async\" class=\"alignnone size-medium wp-image-9265\" title=\"\" src=\"http:\/\/www.flurhof.com\/web\/wp-content\/uploads\/2015\/07\/20150712_091108-168x300.jpg\" alt=\"\" width=\"168\" height=\"300\" \/><\/a><\/p>\n<p>Beste Laune bei Cindy und Stanley!<\/p>\n<p><a href=\"http:\/\/www.flurhof.com\/web\/wp-content\/uploads\/2015\/07\/DSC_0074.jpg\" data-rel=\"lightbox-gallery-Ghs2guOb\" data-rl_title=\"\" data-rl_caption=\"\"><img loading=\"lazy\" decoding=\"async\" class=\"alignnone size-medium wp-image-9276\" title=\"\" src=\"http:\/\/www.flurhof.com\/web\/wp-content\/uploads\/2015\/07\/DSC_0074-300x201.jpg\" alt=\"\" width=\"300\" height=\"201\" \/><\/a><\/p>\n<p>Bereits ein Profi unter den Rennfahrern: UNSER R\u00d6BI!!<\/p>\n<p><a href=\"http:\/\/www.flurhof.com\/web\/wp-content\/uploads\/2015\/07\/DSC_0078.jpg\" data-rel=\"lightbox-gallery-Ghs2guOb\" data-rl_title=\"\" data-rl_caption=\"\"><img loading=\"lazy\" decoding=\"async\" class=\"alignnone size-medium wp-image-9277\" title=\"\" src=\"http:\/\/www.flurhof.com\/web\/wp-content\/uploads\/2015\/07\/DSC_0078-300x199.jpg\" alt=\"\" width=\"300\" height=\"199\" \/><\/a><\/p>\n<p>Der Konkurenz wurde ordentlich eingeheitzt! Unsere Fahrer, Adi, R\u00f6bi, Kevin und Rico hatten das Quad bestens im Griff.<\/p>\n<p><a href=\"http:\/\/www.flurhof.com\/web\/wp-content\/uploads\/2015\/07\/DSC_0104.jpg\" data-rel=\"lightbox-gallery-Ghs2guOb\" data-rl_title=\"\" data-rl_caption=\"\"><img loading=\"lazy\" decoding=\"async\" class=\"alignnone size-medium wp-image-9278\" title=\"\" src=\"http:\/\/www.flurhof.com\/web\/wp-content\/uploads\/2015\/07\/DSC_0104-300x201.jpg\" alt=\"\" width=\"300\" height=\"201\" \/><\/a><\/p>\n<p>V\u00f6lkerwanderung? NEIN.. falsch geraten, die Siegerrunde der Plauschpr\u00fcfung w\u00e4re die Richtige Antwort gewesen! auf rechte Hand im Galopp &#8211; Marsch!! \ud83d\ude09<\/p>\n<p><a href=\"http:\/\/www.flurhof.com\/web\/wp-content\/uploads\/2015\/07\/IMG-20150712-WA0024.jpg\" data-rel=\"lightbox-gallery-Ghs2guOb\" data-rl_title=\"\" data-rl_caption=\"\"><img loading=\"lazy\" decoding=\"async\" class=\"alignnone size-medium wp-image-9292\" title=\"\" src=\"http:\/\/www.flurhof.com\/web\/wp-content\/uploads\/2015\/07\/IMG-20150712-WA0024-225x300.jpg\" alt=\"\" width=\"225\" height=\"300\" \/><\/a><\/p>\n<p>Leider muss auch das tolle Wochenende in Flond irgendwann zu Ende gehen und die einen nutzten die Heimfahrt gleich f\u00fcr ein kleines power napping!<\/p>\n<p><a href=\"http:\/\/www.flurhof.com\/web\/wp-content\/uploads\/2015\/07\/20150707_194008.jpg\" data-rel=\"lightbox-gallery-Ghs2guOb\" data-rl_title=\"\" data-rl_caption=\"\"><img loading=\"lazy\" decoding=\"async\" class=\"alignnone size-medium wp-image-9252\" title=\"\" src=\"http:\/\/www.flurhof.com\/web\/wp-content\/uploads\/2015\/07\/20150707_194008-300x168.jpg\" alt=\"\" width=\"300\" height=\"168\" \/><\/a><\/p>\n<p>Zuhause wurde derweil geritten und trainiert was das Zeug h\u00e4lt..<\/p>\n<p><a href=\"http:\/\/www.flurhof.com\/web\/wp-content\/uploads\/2015\/07\/20150707_193326.jpg\" data-rel=\"lightbox-gallery-Ghs2guOb\" data-rl_title=\"\" data-rl_caption=\"\"><img loading=\"lazy\" decoding=\"async\" title=\"\" src=\"http:\/\/www.flurhof.com\/web\/wp-content\/uploads\/2015\/07\/20150707_193326-300x168.jpg\" alt=\"\" width=\"300\" height=\"168\" \/><\/a><\/p>\n<p>Carola und Veronika setzten alles daran Trainingsweltmeister zu werden!<\/p>\n<p><a href=\"http:\/\/www.flurhof.com\/web\/wp-content\/uploads\/2015\/07\/20150709_190042.jpg\" data-rel=\"lightbox-gallery-Ghs2guOb\" data-rl_title=\"\" data-rl_caption=\"\"><img loading=\"lazy\" decoding=\"async\" class=\"alignnone size-medium wp-image-9256\" title=\"\" src=\"http:\/\/www.flurhof.com\/web\/wp-content\/uploads\/2015\/07\/20150709_190042-300x168.jpg\" alt=\"\" width=\"300\" height=\"168\" \/><\/a><\/p>\n<p>Auch unsere ganz kleinen Damen kamen nicht zu kurz!<\/p>\n<p><a href=\"http:\/\/www.flurhof.com\/web\/wp-content\/uploads\/2015\/07\/GetInline3.aspx_.jpg\" data-rel=\"lightbox-gallery-Ghs2guOb\" data-rl_title=\"\" data-rl_caption=\"\"><img loading=\"lazy\" decoding=\"async\" class=\"alignnone size-medium wp-image-9295\" title=\"\" src=\"http:\/\/www.flurhof.com\/web\/wp-content\/uploads\/2015\/07\/GetInline3.aspx_-300x209.jpg\" alt=\"\" width=\"300\" height=\"209\" \/><\/a><\/p>\n<p>Shooting-Star Bodo!<\/p>\n<p><a href=\"http:\/\/www.flurhof.com\/web\/wp-content\/uploads\/2015\/07\/GetInline4.aspx_.jpg\" data-rel=\"lightbox-gallery-Ghs2guOb\" data-rl_title=\"\" data-rl_caption=\"\"><img loading=\"lazy\" decoding=\"async\" class=\"alignnone size-medium wp-image-9296\" title=\"\" src=\"http:\/\/www.flurhof.com\/web\/wp-content\/uploads\/2015\/07\/GetInline4.aspx_-300x252.jpg\" alt=\"\" width=\"300\" height=\"252\" \/><\/a><\/p>\n<p>Bald wird unser Billi vom grossen Hund zum kleinen Hund.. Oskar w\u00e4chst und w\u00e4chst und w\u00e4chst!<\/p>\n<p><a href=\"http:\/\/www.flurhof.com\/web\/wp-content\/uploads\/2015\/07\/20150708_195242.jpg\" data-rel=\"lightbox-gallery-Ghs2guOb\" data-rl_title=\"\" data-rl_caption=\"\"><img loading=\"lazy\" decoding=\"async\" class=\"alignnone size-medium wp-image-9255\" title=\"\" src=\"http:\/\/www.flurhof.com\/web\/wp-content\/uploads\/2015\/07\/20150708_195242-300x168.jpg\" alt=\"\" width=\"300\" height=\"168\" \/><\/a><\/p>\n<p>M\u00e4nner unter sich&#8230; was auch immer sie da besprechen, es sieht nach voller Konzentration aus \ud83d\ude09<\/p>\n<p><a href=\"http:\/\/www.flurhof.com\/web\/wp-content\/uploads\/2015\/07\/IMG-20150712-WA0009.jpg\" data-rel=\"lightbox-gallery-Ghs2guOb\" data-rl_title=\"\" data-rl_caption=\"\"><img loading=\"lazy\" decoding=\"async\" class=\"alignnone size-medium wp-image-9288\" title=\"\" src=\"http:\/\/www.flurhof.com\/web\/wp-content\/uploads\/2015\/07\/IMG-20150712-WA0009-168x300.jpg\" alt=\"\" width=\"168\" height=\"300\" \/><\/a><\/p>\n<p>Bodo unsere kleine Wasserratte<\/p>\n<p><a href=\"http:\/\/www.flurhof.com\/web\/wp-content\/uploads\/2015\/07\/GetInline.aspx_.jpg\" data-rel=\"lightbox-gallery-Ghs2guOb\" data-rl_title=\"\" data-rl_caption=\"\"><img loading=\"lazy\" decoding=\"async\" class=\"alignnone size-medium wp-image-9293\" title=\"\" src=\"http:\/\/www.flurhof.com\/web\/wp-content\/uploads\/2015\/07\/GetInline.aspx_-300x259.jpg\" alt=\"\" width=\"300\" height=\"259\" \/><\/a><\/p>\n<p>Akrobatische Showeinlagen von Catherine und Sandrino \ud83d\ude42<\/p>\n<p><a href=\"http:\/\/www.flurhof.com\/web\/wp-content\/uploads\/2015\/07\/GetInline2.aspx_.jpg\" data-rel=\"lightbox-gallery-Ghs2guOb\" data-rl_title=\"\" data-rl_caption=\"\"><img loading=\"lazy\" decoding=\"async\" class=\"alignnone size-medium wp-image-9294\" title=\"\" src=\"http:\/\/www.flurhof.com\/web\/wp-content\/uploads\/2015\/07\/GetInline2.aspx_-300x201.jpg\" alt=\"\" width=\"300\" height=\"201\" \/><\/a><\/p>\n<p>\u00fcber Stock und \u00fcber Stein &#8211; Dressurpony Sandrino im Galopp \u00fcber die Wiese<\/p>\n<p><a href=\"http:\/\/www.flurhof.com\/web\/wp-content\/uploads\/2015\/07\/20150708_184939.jpg\" data-rel=\"lightbox-gallery-Ghs2guOb\" data-rl_title=\"\" data-rl_caption=\"\"><img loading=\"lazy\" decoding=\"async\" class=\"alignnone size-medium wp-image-9253\" title=\"\" src=\"http:\/\/www.flurhof.com\/web\/wp-content\/uploads\/2015\/07\/20150708_184939-168x300.jpg\" alt=\"\" width=\"168\" height=\"300\" \/><\/a><\/p>\n<p>Carola und Walter &#8211; das posen muss man ihnen nicht lernen \ud83d\ude42<\/p>\n<p>&nbsp;<\/p>\n<p>&nbsp;<\/p>\n<p>&nbsp;<\/p>\n<p>&nbsp;<\/p>\n<p>&nbsp;<\/p>\n<p>&nbsp;<\/p>\n<p>&nbsp;<\/p>\n<p>&nbsp;<\/p>\n<p>&nbsp;<\/p>\n<p>&nbsp;<\/p>\n<p>&nbsp;<\/p>\n<p>&nbsp;<\/p>\n<p>&nbsp;<\/p>\n","protected":false},"excerpt":{"rendered":"<p>Viva la Grischa!!!! &#8211; Dieses Wochenende zog es die meisten\u00a0 &#8222;Flurh\u00f6fler&#8220; nach Flond an das wundersch\u00f6ne Turnier von unserem Freund Fabien Walder. Das Springturnier war wie gewohnt sehr liebevoll und top organisiert &#8211; somit stand einem tollen Wochenende mit viel Spass und bestem Wetter nichts mehr im Wege. \ud83d\ude42 Sportlich gesehen lag bei uns Sonne [&hellip;]<\/p>\n","protected":false},"author":1,"featured_media":0,"comment_status":"closed","ping_status":"closed","sticky":false,"template":"","format":"standard","meta":{"_acf_changed":false,"footnotes":""},"categories":[6],"tags":[],"class_list":["post-9250","post","type-post","status-publish","format-standard","hentry","category-news-aktuelles"],"acf":[],"_links":{"self":[{"href":"https:\/\/flurhof.com\/index.php\/wp-json\/wp\/v2\/posts\/9250","targetHints":{"allow":["GET"]}}],"collection":[{"href":"https:\/\/flurhof.com\/index.php\/wp-json\/wp\/v2\/posts"}],"about":[{"href":"https:\/\/flurhof.com\/index.php\/wp-json\/wp\/v2\/types\/post"}],"author":[{"embeddable":true,"href":"https:\/\/flurhof.com\/index.php\/wp-json\/wp\/v2\/users\/1"}],"replies":[{"embeddable":true,"href":"https:\/\/flurhof.com\/index.php\/wp-json\/wp\/v2\/comments?post=9250"}],"version-history":[{"count":0,"href":"https:\/\/flurhof.com\/index.php\/wp-json\/wp\/v2\/posts\/9250\/revisions"}],"wp:attachment":[{"href":"https:\/\/flurhof.com\/index.php\/wp-json\/wp\/v2\/media?parent=9250"}],"wp:term":[{"taxonomy":"category","embeddable":true,"href":"https:\/\/flurhof.com\/index.php\/wp-json\/wp\/v2\/categories?post=9250"},{"taxonomy":"post_tag","embeddable":true,"href":"https:\/\/flurhof.com\/index.php\/wp-json\/wp\/v2\/tags?post=9250"}],"curies":[{"name":"wp","href":"https:\/\/api.w.org\/{rel}","templated":true}]}}