


{"id":910,"date":"2009-09-05T17:06:30","date_gmt":"2009-09-05T16:06:30","guid":{"rendered":"http:\/\/www.flurhof.com\/site\/?p=910"},"modified":"2009-09-05T17:06:30","modified_gmt":"2009-09-05T16:06:30","slug":"tag-des-pferdes-2","status":"publish","type":"post","link":"https:\/\/flurhof.com\/index.php\/2009\/09\/05\/tag-des-pferdes-2\/","title":{"rendered":"Tag des Pferdes"},"content":{"rendered":"<p>Schon ist es wieder vorbei&#8230; der Bronco Saloon und der Flurhof \u00f6ffneten ihre Pforten, um Interessierten einen Einblick zu erm\u00f6glichen&#8230; Mit verschiedenen Shows wurden den zahlreichen Besuchern und Besucherinnen das Pferd und verschiedene Reitweisen gezeigt und erkl\u00e4rt.<\/p>\n<p>Es war ein toller, unterhaltsamer, abwechslungsreicher, rege besuchter und lustiger Tag!!!<\/p>\n<p>Nun aber genug gequatscht \ud83d\ude42 was sich wo, wie und wann abgespielt hat, hat unser Paparazzi f\u00fcr euch festgehalten&#8230;<\/p>\n<p>Seht selbst<\/p>\n<p><a href=\"http:\/\/www.flurhof.com\/site\/wp-content\/uploads\/2009\/09\/tag-des-pferdes-5909-002.jpg\" data-rel=\"lightbox-gallery-4cSQaUKw\" data-rl_title=\"\" data-rl_caption=\"\"><img loading=\"lazy\" decoding=\"async\" class=\"alignnone size-medium wp-image-911\" title=\"\" src=\"http:\/\/www.flurhof.com\/site\/wp-content\/uploads\/2009\/09\/tag-des-pferdes-5909-002-360x202.jpg\" alt=\"\" width=\"360\" height=\"202\" \/><\/a><\/p>\n<p>&#8230; an ihm ist wahrhaftig ein Paparazzi verloren gegangen \ud83d\ude42 stets zur rechten Zeit am rechten Ort!!!<\/p>\n<p><a href=\"http:\/\/www.flurhof.com\/site\/wp-content\/uploads\/2009\/09\/tag-des-pferdes-5909-009.jpg\" data-rel=\"lightbox-gallery-4cSQaUKw\" data-rl_title=\"\" data-rl_caption=\"\"><img loading=\"lazy\" decoding=\"async\" class=\"alignnone size-medium wp-image-912\" title=\"\" src=\"http:\/\/www.flurhof.com\/site\/wp-content\/uploads\/2009\/09\/tag-des-pferdes-5909-009-360x202.jpg\" alt=\"\" width=\"360\" height=\"202\" \/><\/a><\/p>\n<p>.. Willy steht G\u00fcnther in Nichts nach und entpuppte sich als Hoff\u00fchrer mit Leidenschaft \ud83d\ude42<\/p>\n<p><a href=\"http:\/\/www.flurhof.com\/site\/wp-content\/uploads\/2009\/09\/tag-des-pferdes-5909-010.jpg\" data-rel=\"lightbox-gallery-4cSQaUKw\" data-rl_title=\"\" data-rl_caption=\"\"><img loading=\"lazy\" decoding=\"async\" class=\"alignnone size-medium wp-image-913\" title=\"\" src=\"http:\/\/www.flurhof.com\/site\/wp-content\/uploads\/2009\/09\/tag-des-pferdes-5909-010-135x240.jpg\" alt=\"\" width=\"135\" height=\"240\" \/><\/a> .. von all den tiefgr\u00fcndigen Diskussionen im Hintergrund, damit ja alles reibungslos abl\u00e4uft, kriegten unsere Besucher nicht viel mit \ud83d\ude42 <em>(naja was da genau der Gespr\u00e4chsanlass war, wissen wir nicht wirklich&#8230;)<\/em><\/p>\n<p><a href=\"http:\/\/www.flurhof.com\/site\/wp-content\/uploads\/2009\/09\/tag-des-pferdes-5909-062.jpg\" data-rel=\"lightbox-gallery-4cSQaUKw\" data-rl_title=\"\" data-rl_caption=\"\"><img loading=\"lazy\" decoding=\"async\" class=\"alignnone size-medium wp-image-914\" title=\"\" src=\"http:\/\/www.flurhof.com\/site\/wp-content\/uploads\/2009\/09\/tag-des-pferdes-5909-062-360x202.jpg\" alt=\"\" width=\"360\" height=\"202\" \/><\/a><\/p>\n<p>.. Jason, Martin und Attila in der\u00a0 Schlacht mit den Hindernissen \ud83d\ude42 (<em>es leben alle noch \ud83d\ude42<\/em>)<\/p>\n<p><a href=\"http:\/\/www.flurhof.com\/site\/wp-content\/uploads\/2009\/09\/tag-des-pferdes-5909-087.jpg\" data-rel=\"lightbox-gallery-4cSQaUKw\" data-rl_title=\"\" data-rl_caption=\"\"><img loading=\"lazy\" decoding=\"async\" class=\"alignnone size-medium wp-image-915\" title=\"\" src=\"http:\/\/www.flurhof.com\/site\/wp-content\/uploads\/2009\/09\/tag-des-pferdes-5909-087-360x202.jpg\" alt=\"\" width=\"360\" height=\"202\" \/><\/a><\/p>\n<p>&#8230; aus verschiedenen Perspektiven&#8230;.<\/p>\n<p><a href=\"http:\/\/www.flurhof.com\/site\/wp-content\/uploads\/2009\/09\/tag-des-pferdes-5909-091.jpg\" data-rel=\"lightbox-gallery-4cSQaUKw\" data-rl_title=\"\" data-rl_caption=\"\"><img loading=\"lazy\" decoding=\"async\" class=\"alignnone size-medium wp-image-916\" title=\"\" src=\"http:\/\/www.flurhof.com\/site\/wp-content\/uploads\/2009\/09\/tag-des-pferdes-5909-091-360x202.jpg\" alt=\"\" width=\"360\" height=\"202\" \/><\/a><\/p>\n<p>&#8230; verfolgten die Zuschauer die verschiedenen Darbietungen in der Reithalle der Familie Gerber&#8230;<\/p>\n<p><a href=\"http:\/\/www.flurhof.com\/site\/wp-content\/uploads\/2009\/09\/tag-des-pferdes-5909-263.jpg\" data-rel=\"lightbox-gallery-4cSQaUKw\" data-rl_title=\"\" data-rl_caption=\"\"><img loading=\"lazy\" decoding=\"async\" class=\"alignnone size-medium wp-image-931\" title=\"\" src=\"http:\/\/www.flurhof.com\/site\/wp-content\/uploads\/2009\/09\/tag-des-pferdes-5909-263-360x202.jpg\" alt=\"\" width=\"360\" height=\"202\" \/><\/a><\/p>\n<p>&#8230; w\u00e4hrend die Grillchefs der Familie Inauen f\u00fcr das leibliche Wohl sorgten \ud83d\ude42<\/p>\n<p><em>&#8211;&gt; hmmm die W\u00fcrste waren spitze!!!<\/em><\/p>\n<p><a href=\"http:\/\/www.flurhof.com\/site\/wp-content\/uploads\/2009\/09\/tag-des-pferdes-5909-105.jpg\" data-rel=\"lightbox-gallery-4cSQaUKw\" data-rl_title=\"\" data-rl_caption=\"\"><img loading=\"lazy\" decoding=\"async\" class=\"alignnone size-medium wp-image-917\" title=\"\" src=\"http:\/\/www.flurhof.com\/site\/wp-content\/uploads\/2009\/09\/tag-des-pferdes-5909-105-360x202.jpg\" alt=\"\" width=\"360\" height=\"202\" \/><\/a><\/p>\n<p>Walter als Kommentator&#8230;.<\/p>\n<p><a href=\"http:\/\/www.flurhof.com\/site\/wp-content\/uploads\/2009\/09\/tag-des-pferdes-5909-098.jpg\" data-rel=\"lightbox-gallery-4cSQaUKw\" data-rl_title=\"\" data-rl_caption=\"\"><img loading=\"lazy\" decoding=\"async\" class=\"alignnone size-medium wp-image-918\" title=\"\" src=\"http:\/\/www.flurhof.com\/site\/wp-content\/uploads\/2009\/09\/tag-des-pferdes-5909-098-360x202.jpg\" alt=\"\" width=\"360\" height=\"202\" \/><\/a><\/p>\n<p>&#8230; er\u00f6ffnete zusammen mit Benni mit einer unterhaltsamen Parellidarbietung das Showpgrogramm<\/p>\n<p><a href=\"http:\/\/www.flurhof.com\/site\/wp-content\/uploads\/2009\/09\/tag-des-pferdes-5909-117.jpg\" data-rel=\"lightbox-gallery-4cSQaUKw\" data-rl_title=\"\" data-rl_caption=\"\"><img loading=\"lazy\" decoding=\"async\" class=\"alignnone size-medium wp-image-919\" title=\"\" src=\"http:\/\/www.flurhof.com\/site\/wp-content\/uploads\/2009\/09\/tag-des-pferdes-5909-117-360x202.jpg\" alt=\"\" width=\"360\" height=\"202\" \/><\/a><\/p>\n<p>.. nun folgte alles Schlag auf Schlag&#8230; mit einem fliegenden Wechsel wurden die Parelliinstruktoren durch Springreiterinnen des Flurhofs abgel\u00f6st&#8230;<\/p>\n<p><a href=\"http:\/\/www.flurhof.com\/site\/wp-content\/uploads\/2009\/09\/tag-des-pferdes-5909-127.jpg\" data-rel=\"lightbox-gallery-4cSQaUKw\" data-rl_title=\"\" data-rl_caption=\"\"><img loading=\"lazy\" decoding=\"async\" class=\"alignnone size-medium wp-image-920\" title=\"\" src=\"http:\/\/www.flurhof.com\/site\/wp-content\/uploads\/2009\/09\/tag-des-pferdes-5909-127-360x202.jpg\" alt=\"\" width=\"360\" height=\"202\" \/><\/a><\/p>\n<p>&#8230;. die unter der Leitung von Carola und kommentiert von Kurt&#8230;<\/p>\n<p><a href=\"http:\/\/www.flurhof.com\/site\/wp-content\/uploads\/2009\/09\/tag-des-pferdes-5909-132.jpg\" data-rel=\"lightbox-gallery-4cSQaUKw\" data-rl_title=\"\" data-rl_caption=\"\"><img loading=\"lazy\" decoding=\"async\" class=\"alignnone size-medium wp-image-921\" title=\"\" src=\"http:\/\/www.flurhof.com\/site\/wp-content\/uploads\/2009\/09\/tag-des-pferdes-5909-132-360x202.jpg\" alt=\"\" width=\"360\" height=\"202\" \/><\/a><\/p>\n<p>&#8230; f\u00fcr einmal auch unbekannte Hindernisse \u00fcbersprangen (<em>&#8211;&gt; was teils zu rasanten und spektakul\u00e4ren Auftritten f\u00fchrte \ud83d\ude42<\/em>)<\/p>\n<p><a href=\"http:\/\/www.flurhof.com\/site\/wp-content\/uploads\/2009\/09\/tag-des-pferdes-5909-194.jpg\" data-rel=\"lightbox-gallery-4cSQaUKw\" data-rl_title=\"\" data-rl_caption=\"\"><img loading=\"lazy\" decoding=\"async\" class=\"alignnone size-medium wp-image-922\" title=\"\" src=\"http:\/\/www.flurhof.com\/site\/wp-content\/uploads\/2009\/09\/tag-des-pferdes-5909-194-360x202.jpg\" alt=\"\" width=\"360\" height=\"202\" \/><\/a><\/p>\n<p>Darauf hin wurde es etwas ruhiger in der Halle und alle verfolgten and\u00e4chtig die eindr\u00fcckliche Darbietung von Terri und Darwin&#8230;<\/p>\n<p><a href=\"http:\/\/www.flurhof.com\/site\/wp-content\/uploads\/2009\/09\/tag-des-pferdes-5909-212.jpg\" data-rel=\"lightbox-gallery-4cSQaUKw\" data-rl_title=\"\" data-rl_caption=\"\"><img loading=\"lazy\" decoding=\"async\" class=\"alignnone size-medium wp-image-923\" title=\"\" src=\"http:\/\/www.flurhof.com\/site\/wp-content\/uploads\/2009\/09\/tag-des-pferdes-5909-212-360x202.jpg\" alt=\"\" width=\"360\" height=\"202\" \/><\/a><\/p>\n<p>&#8230; bevor Manuela, Nicole und Andrea, kommentiert von Brigitte mit der Trailvorf\u00fchrung auf verschiedenen Niveaus, den Nachmittag ausklingen liessen..<\/p>\n<p><a href=\"http:\/\/www.flurhof.com\/site\/wp-content\/uploads\/2009\/09\/tag-des-pferdes-5909-247.jpg\" data-rel=\"lightbox-gallery-4cSQaUKw\" data-rl_title=\"\" data-rl_caption=\"\"><img loading=\"lazy\" decoding=\"async\" class=\"alignnone size-medium wp-image-925\" title=\"\" src=\"http:\/\/www.flurhof.com\/site\/wp-content\/uploads\/2009\/09\/tag-des-pferdes-5909-247-360x202.jpg\" alt=\"\" width=\"360\" height=\"202\" \/><\/a><\/p>\n<p>&#8230;und Celine sich zum ersten Mal unter einem Westernsattel \u00f6ffentlich pr\u00e4sentierte.<\/p>\n<p><strong>Nun noch Bilder ohne Worte \ud83d\ude42<\/strong><\/p>\n<p><a href=\"http:\/\/www.flurhof.com\/site\/wp-content\/uploads\/2009\/09\/tag-des-pferdes-5909-170.jpg\" data-rel=\"lightbox-gallery-4cSQaUKw\" data-rl_title=\"\" data-rl_caption=\"\"><img loading=\"lazy\" decoding=\"async\" class=\"alignnone size-medium wp-image-935\" title=\"\" src=\"http:\/\/www.flurhof.com\/site\/wp-content\/uploads\/2009\/09\/tag-des-pferdes-5909-170-360x202.jpg\" alt=\"\" width=\"360\" height=\"202\" \/><\/a><\/p>\n<p><a href=\"http:\/\/www.flurhof.com\/site\/wp-content\/uploads\/2009\/09\/tag-des-pferdes-5909-124.jpg\" data-rel=\"lightbox-gallery-4cSQaUKw\" data-rl_title=\"\" data-rl_caption=\"\"><img loading=\"lazy\" decoding=\"async\" class=\"alignnone size-medium wp-image-924\" title=\"\" src=\"http:\/\/www.flurhof.com\/site\/wp-content\/uploads\/2009\/09\/tag-des-pferdes-5909-124-360x202.jpg\" alt=\"\" width=\"360\" height=\"202\" \/><\/a><\/p>\n<p><a href=\"http:\/\/www.flurhof.com\/site\/wp-content\/uploads\/2009\/09\/tag-des-pferdes-5909-275.jpg\" data-rel=\"lightbox-gallery-4cSQaUKw\" data-rl_title=\"\" data-rl_caption=\"\"><img loading=\"lazy\" decoding=\"async\" class=\"alignnone size-medium wp-image-926\" title=\"\" src=\"http:\/\/www.flurhof.com\/site\/wp-content\/uploads\/2009\/09\/tag-des-pferdes-5909-275-360x202.jpg\" alt=\"\" width=\"360\" height=\"202\" \/><\/a><\/p>\n<p><a href=\"http:\/\/www.flurhof.com\/site\/wp-content\/uploads\/2009\/09\/tag-des-pferdes-5909-279.jpg\" data-rel=\"lightbox-gallery-4cSQaUKw\" data-rl_title=\"\" data-rl_caption=\"\"><img loading=\"lazy\" decoding=\"async\" class=\"alignnone size-medium wp-image-927\" title=\"\" src=\"http:\/\/www.flurhof.com\/site\/wp-content\/uploads\/2009\/09\/tag-des-pferdes-5909-279-360x202.jpg\" alt=\"\" width=\"360\" height=\"202\" \/><\/a><\/p>\n<p><a href=\"http:\/\/www.flurhof.com\/site\/wp-content\/uploads\/2009\/09\/tag-des-pferdes-5909-282.jpg\" data-rel=\"lightbox-gallery-4cSQaUKw\" data-rl_title=\"\" data-rl_caption=\"\"><img loading=\"lazy\" decoding=\"async\" class=\"alignnone size-medium wp-image-928\" title=\"\" src=\"http:\/\/www.flurhof.com\/site\/wp-content\/uploads\/2009\/09\/tag-des-pferdes-5909-282-360x202.jpg\" alt=\"\" width=\"360\" height=\"202\" \/><\/a><\/p>\n<p><a href=\"http:\/\/www.flurhof.com\/site\/wp-content\/uploads\/2009\/09\/tag-des-pferdes-5909-259.jpg\" data-rel=\"lightbox-gallery-4cSQaUKw\" data-rl_title=\"\" data-rl_caption=\"\"><img loading=\"lazy\" decoding=\"async\" class=\"alignnone size-medium wp-image-929\" title=\"\" src=\"http:\/\/www.flurhof.com\/site\/wp-content\/uploads\/2009\/09\/tag-des-pferdes-5909-259-360x202.jpg\" alt=\"\" width=\"360\" height=\"202\" \/><\/a><\/p>\n<p><a href=\"http:\/\/www.flurhof.com\/site\/wp-content\/uploads\/2009\/09\/tag-des-pferdes-5909-239.jpg\" data-rel=\"lightbox-gallery-4cSQaUKw\" data-rl_title=\"\" data-rl_caption=\"\"><img loading=\"lazy\" decoding=\"async\" class=\"alignnone size-medium wp-image-930\" title=\"\" src=\"http:\/\/www.flurhof.com\/site\/wp-content\/uploads\/2009\/09\/tag-des-pferdes-5909-239-360x202.jpg\" alt=\"\" width=\"360\" height=\"202\" \/><\/a><\/p>\n","protected":false},"excerpt":{"rendered":"<p>Schon ist es wieder vorbei&#8230; der Bronco Saloon und der Flurhof \u00f6ffneten ihre Pforten, um Interessierten einen Einblick zu erm\u00f6glichen&#8230; Mit verschiedenen Shows wurden den zahlreichen Besuchern und Besucherinnen das Pferd und verschiedene Reitweisen gezeigt und erkl\u00e4rt. Es war ein toller, unterhaltsamer, abwechslungsreicher, rege besuchter und lustiger Tag!!! Nun aber genug gequatscht \ud83d\ude42 was sich [&hellip;]<\/p>\n","protected":false},"author":1,"featured_media":0,"comment_status":"open","ping_status":"closed","sticky":false,"template":"","format":"standard","meta":{"_acf_changed":false,"footnotes":""},"categories":[6],"tags":[],"class_list":["post-910","post","type-post","status-publish","format-standard","hentry","category-news-aktuelles"],"acf":[],"_links":{"self":[{"href":"https:\/\/flurhof.com\/index.php\/wp-json\/wp\/v2\/posts\/910","targetHints":{"allow":["GET"]}}],"collection":[{"href":"https:\/\/flurhof.com\/index.php\/wp-json\/wp\/v2\/posts"}],"about":[{"href":"https:\/\/flurhof.com\/index.php\/wp-json\/wp\/v2\/types\/post"}],"author":[{"embeddable":true,"href":"https:\/\/flurhof.com\/index.php\/wp-json\/wp\/v2\/users\/1"}],"replies":[{"embeddable":true,"href":"https:\/\/flurhof.com\/index.php\/wp-json\/wp\/v2\/comments?post=910"}],"version-history":[{"count":0,"href":"https:\/\/flurhof.com\/index.php\/wp-json\/wp\/v2\/posts\/910\/revisions"}],"wp:attachment":[{"href":"https:\/\/flurhof.com\/index.php\/wp-json\/wp\/v2\/media?parent=910"}],"wp:term":[{"taxonomy":"category","embeddable":true,"href":"https:\/\/flurhof.com\/index.php\/wp-json\/wp\/v2\/categories?post=910"},{"taxonomy":"post_tag","embeddable":true,"href":"https:\/\/flurhof.com\/index.php\/wp-json\/wp\/v2\/tags?post=910"}],"curies":[{"name":"wp","href":"https:\/\/api.w.org\/{rel}","templated":true}]}}