


{"id":894,"date":"2009-09-03T18:53:50","date_gmt":"2009-09-03T17:53:50","guid":{"rendered":"http:\/\/www.flurhof.com\/site\/?p=894"},"modified":"2009-09-03T18:53:50","modified_gmt":"2009-09-03T17:53:50","slug":"tag-des-pferdes","status":"publish","type":"post","link":"https:\/\/flurhof.com\/index.php\/2009\/09\/03\/tag-des-pferdes\/","title":{"rendered":"TAG DES PFERDES"},"content":{"rendered":"<p><!--[endif]--><\/p>\n<p class=\"MsoNormal\"><span style=\"font-family: Arial;\">Am 5. September 2009 findet unter dem Patronat des Schweizerischen Verbandes f\u00fcr Pferdesport (SVPS) der 1. nationale Tag des Pferdes statt. Verschiedene Stallt\u00fcren in der ganzen Schweiz stehen offen und bieten einen Einblick in die wunderbare Welt der Pferde.<\/span><\/p>\n<p class=\"MsoNormal\"><span style=\"font-family: Arial;\">Auch das Reitsportzentrum Flurhof und der Bronco Saloon \u00f6ffnen die T\u00fcren und m\u00f6chten Beh\u00f6rden, Landbesitzern und Bev\u00f6lkerung mit dem folgenden Rahmenprogramm den Kontakt zu Pferd und Reitern erm\u00f6glichen:<\/span><\/p>\n<p class=\"MsoNormal\"><a href=\"http:\/\/www.flurhof.com\/site\/wp-content\/uploads\/2009\/09\/bronco-saloon.jpg\" data-rel=\"lightbox-gallery-pl2jsXRg\" data-rl_title=\"\" data-rl_caption=\"\"><img loading=\"lazy\" decoding=\"async\" class=\"alignnone size-medium wp-image-896\" title=\"\" src=\"http:\/\/www.flurhof.com\/site\/wp-content\/uploads\/2009\/09\/bronco-saloon-360x87.jpg\" alt=\"\" width=\"360\" height=\"87\" \/><\/a><\/p>\n<p class=\"MsoNormal\"><span style=\"font-family: Arial;\">09.00-12.00 Uhr Brunch im Bronco Saloon (Anmeldung unter Tf 079 794 45 19)<\/span><\/p>\n<p class=\"MsoNormal\"><a href=\"http:\/\/www.flurhof.com\/site\/wp-content\/uploads\/2009\/09\/org.jpg\" data-rel=\"lightbox-gallery-pl2jsXRg\" data-rl_title=\"\" data-rl_caption=\"\"><img loading=\"lazy\" decoding=\"async\" class=\"alignnone size-medium wp-image-897\" title=\"\" src=\"http:\/\/www.flurhof.com\/site\/wp-content\/uploads\/2009\/09\/org-360x185.jpg\" alt=\"\" width=\"360\" height=\"185\" \/><\/a><\/p>\n<p class=\"MsoNormal\"><span style=\"font-family: Arial;\">10.00-12.00 Uhr gef\u00fchrte Besichtigungen der Reitanlagen Flurhof<\/span><\/p>\n<p class=\"MsoNormal\"><span style=\"font-family: Arial;\"><strong>Showprogramm <\/strong>von 13.00 &#8211; 15.00 Uhr mit folgenden Demos<br \/>\n<\/span><\/p>\n<p class=\"MsoNormal\"><a href=\"http:\/\/www.flurhof.com\/site\/wp-content\/uploads\/2009\/09\/walter.jpeg\" data-rel=\"lightbox-gallery-pl2jsXRg\" data-rl_title=\"\" data-rl_caption=\"\"><img loading=\"lazy\" decoding=\"async\" class=\"alignnone size-medium wp-image-898\" title=\"\" src=\"http:\/\/www.flurhof.com\/site\/wp-content\/uploads\/2009\/09\/walter-160x240.jpg\" alt=\"\" width=\"160\" height=\"240\" \/><\/a><span style=\"font-family: Arial;\"> Parellivorf\u00fchrung mit Instruktoren<\/span><\/p>\n<p class=\"MsoNormal\"><a href=\"http:\/\/www.flurhof.com\/site\/wp-content\/uploads\/2009\/09\/otto.jpg\" data-rel=\"lightbox-gallery-pl2jsXRg\" data-rl_title=\"\" data-rl_caption=\"\"><img loading=\"lazy\" decoding=\"async\" class=\"alignnone size-medium wp-image-899\" title=\"\" src=\"http:\/\/www.flurhof.com\/site\/wp-content\/uploads\/2009\/09\/otto.jpg\" alt=\"\" width=\"159\" height=\"240\" \/><\/a> Springdemonstration<\/p>\n<p class=\"MsoNormal\"><a href=\"http:\/\/www.flurhof.com\/site\/wp-content\/uploads\/2009\/09\/dressur.jpeg\" data-rel=\"lightbox-gallery-pl2jsXRg\" data-rl_title=\"\" data-rl_caption=\"\"><img loading=\"lazy\" decoding=\"async\" class=\"alignnone size-medium wp-image-900\" title=\"\" src=\"http:\/\/www.flurhof.com\/site\/wp-content\/uploads\/2009\/09\/dressur.jpeg\" alt=\"\" width=\"150\" height=\"93\" \/><\/a> Dressurvorf\u00fchrung mit Terry Ferst<\/p>\n<p class=\"MsoNormal\"><a href=\"http:\/\/www.flurhof.com\/site\/wp-content\/uploads\/2009\/09\/ph38957wb1.jpg\" data-rel=\"lightbox-gallery-pl2jsXRg\" data-rl_title=\"\" data-rl_caption=\"\"><img loading=\"lazy\" decoding=\"async\" class=\"alignnone size-thumbnail wp-image-907\" title=\"\" src=\"http:\/\/www.flurhof.com\/site\/wp-content\/uploads\/2009\/09\/ph38957wb1-200x100.jpg\" alt=\"\" width=\"200\" height=\"100\" \/><\/a> Westerndemonstration &#8211; Trailvorf\u00fchrung<\/p>\n<p class=\"MsoNormal\">\n<p class=\"MsoNormal\">\n<p class=\"MsoNormal\">\n<p class=\"MsoNormal\">\n<p class=\"MsoNormal\">\n<p class=\"MsoNormal\">\n<p class=\"MsoNormal\"><span style=\"font-family: Arial;\"> <\/span><\/p>\n<p class=\"MsoNormal\"><span style=\"font-family: Arial;\">Bei gutem Wetter werden zudem ab 13.00 Uhr auch <strong>Ponyreiten <\/strong>und <strong>Kutschenfahrten <\/strong>angeboten. <\/span><\/p>\n<p class=\"MsoNormal\">\n<p class=\"MsoNormal\"><span style=\"font-family: Arial;\">Eine kleine <strong>Festwirtschaft <\/strong>sorgt f\u00fcr das leibliche Wohl.<\/span><\/p>\n<p class=\"MsoNormal\"><span style=\"font-family: Arial;\">Wir freuen uns, gemeinsam mit allen Interessierten, gemeinsam ein paar sch\u00f6ne Momente rund ums Pferd zu erleben.<\/span><\/p>\n<p class=\"MsoNormal\"><span style=\"font-family: Arial;\"> <\/span><\/p>\n","protected":false},"excerpt":{"rendered":"<p>Am 5. September 2009 findet unter dem Patronat des Schweizerischen Verbandes f\u00fcr Pferdesport (SVPS) der 1. nationale Tag des Pferdes statt. Verschiedene Stallt\u00fcren in der ganzen Schweiz stehen offen und bieten einen Einblick in die wunderbare Welt der Pferde. Auch das Reitsportzentrum Flurhof und der Bronco Saloon \u00f6ffnen die T\u00fcren und m\u00f6chten Beh\u00f6rden, Landbesitzern und [&hellip;]<\/p>\n","protected":false},"author":1,"featured_media":0,"comment_status":"open","ping_status":"closed","sticky":false,"template":"","format":"standard","meta":{"_acf_changed":false,"footnotes":""},"categories":[1],"tags":[],"class_list":["post-894","post","type-post","status-publish","format-standard","hentry","category-none"],"acf":[],"_links":{"self":[{"href":"https:\/\/flurhof.com\/index.php\/wp-json\/wp\/v2\/posts\/894","targetHints":{"allow":["GET"]}}],"collection":[{"href":"https:\/\/flurhof.com\/index.php\/wp-json\/wp\/v2\/posts"}],"about":[{"href":"https:\/\/flurhof.com\/index.php\/wp-json\/wp\/v2\/types\/post"}],"author":[{"embeddable":true,"href":"https:\/\/flurhof.com\/index.php\/wp-json\/wp\/v2\/users\/1"}],"replies":[{"embeddable":true,"href":"https:\/\/flurhof.com\/index.php\/wp-json\/wp\/v2\/comments?post=894"}],"version-history":[{"count":0,"href":"https:\/\/flurhof.com\/index.php\/wp-json\/wp\/v2\/posts\/894\/revisions"}],"wp:attachment":[{"href":"https:\/\/flurhof.com\/index.php\/wp-json\/wp\/v2\/media?parent=894"}],"wp:term":[{"taxonomy":"category","embeddable":true,"href":"https:\/\/flurhof.com\/index.php\/wp-json\/wp\/v2\/categories?post=894"},{"taxonomy":"post_tag","embeddable":true,"href":"https:\/\/flurhof.com\/index.php\/wp-json\/wp\/v2\/tags?post=894"}],"curies":[{"name":"wp","href":"https:\/\/api.w.org\/{rel}","templated":true}]}}