


{"id":8857,"date":"2015-03-29T13:36:30","date_gmt":"2015-03-29T13:36:30","guid":{"rendered":"http:\/\/www.flurhof.com\/web\/?p=8857"},"modified":"2015-03-29T13:36:30","modified_gmt":"2015-03-29T13:36:30","slug":"hauptversammlung-des-rc-flurhof-besuch-in-lech-und-dressurturnier-bregenz-27-29-03-2015","status":"publish","type":"post","link":"https:\/\/flurhof.com\/index.php\/2015\/03\/29\/hauptversammlung-des-rc-flurhof-besuch-in-lech-und-dressurturnier-bregenz-27-29-03-2015\/","title":{"rendered":"Hauptversammlung des RC Flurhof, Besuch in Lech und Dressurturnier Bregenz 27.-29.03.2015"},"content":{"rendered":"<p>Unsere Flurh\u00f6fler einmal ganz Privat \ud83d\ude09<\/p>\n<p>Neben hartem Training, viel Arbeit und langen Turnier-Wochenenden l\u00e4sst die Zeit nur selten zu, die Freizeit einmal anders zu gestalten. Doch diese Woche waren gleich zwei Events am Start bei denen unsere Pferdchen mal nicht im Mittelpunkt standen. Otto und Carola bevorzugten es einen gem\u00fctlichen Tag mit Freunden in Lech zu verbringen. Und Rot angestrichen in den Terminkalendern aller Flurh\u00f6fler war nat\u00fcrlich die allj\u00e4hrlichen Hauptversammlung des RC Flurhofs am Freitag Abend bei unseren Freunden im Restaurant Gerbe.<\/p>\n<p>Um zu erfahren wer sich da alles tummelte und was sich da so ereignete, haben wir nat\u00fcrlich wieder viele viele tolle Fotos f\u00fcr euch&#8230;<\/p>\n<p><a href=\"http:\/\/www.flurhof.com\/web\/wp-content\/uploads\/2015\/03\/Foto0064.jpg\" data-rel=\"lightbox-gallery-oL1p7zSf\" data-rl_title=\"\" data-rl_caption=\"\"><img loading=\"lazy\" decoding=\"async\" class=\"alignnone size-medium wp-image-8859\" title=\"\" src=\"http:\/\/www.flurhof.com\/web\/wp-content\/uploads\/2015\/03\/Foto0064-300x225.jpg\" alt=\"\" width=\"300\" height=\"225\" \/><\/a><\/p>\n<p>Traumtag in Lech am Arlberg: Otto und Nala be\u00e4ugen sich&#8230;.<\/p>\n<p><a href=\"http:\/\/www.flurhof.com\/web\/wp-content\/uploads\/2015\/03\/fotlll.jpg\" data-rel=\"lightbox-gallery-oL1p7zSf\" data-rl_title=\"\" data-rl_caption=\"\"><img loading=\"lazy\" decoding=\"async\" title=\"\" src=\"http:\/\/www.flurhof.com\/web\/wp-content\/uploads\/2015\/03\/fotlll-300x201.jpg\" alt=\"\" width=\"300\" height=\"201\" \/><\/a><\/p>\n<p>auch f\u00fcr andere erf\u00fcrchtige Kreaturen haben Otto und Carola ein H\u00e4ndchen<\/p>\n<p>Alles hat ein Ende nur die Wurst hat zwei&#8230; und so ging es nat\u00fcrlich auch f\u00fcr Steurers fr\u00fcher oder sp\u00e4ter in den Alltag zur\u00fcck \ud83d\ude09<\/p>\n<p><a href=\"http:\/\/www.flurhof.com\/web\/wp-content\/uploads\/2015\/03\/P1000253.jpg\" data-rel=\"lightbox-gallery-oL1p7zSf\" data-rl_title=\"\" data-rl_caption=\"\"><img loading=\"lazy\" decoding=\"async\" class=\"alignnone size-medium wp-image-8863\" title=\"\" src=\"http:\/\/www.flurhof.com\/web\/wp-content\/uploads\/2015\/03\/P1000253-300x168.jpg\" alt=\"\" width=\"300\" height=\"168\" \/><\/a><\/p>\n<p>1&#8230; 2&#8230; 3&#8230; Hautles auf einen Streich<\/p>\n<p><a href=\"http:\/\/www.flurhof.com\/web\/wp-content\/uploads\/2015\/03\/P1000254.jpg\" data-rel=\"lightbox-gallery-oL1p7zSf\" data-rl_title=\"\" data-rl_caption=\"\"><img loading=\"lazy\" decoding=\"async\" title=\"\" src=\"http:\/\/www.flurhof.com\/web\/wp-content\/uploads\/2015\/03\/P1000254-300x168.jpg\" alt=\"\" width=\"300\" height=\"168\" \/><\/a><\/p>\n<p>P\u00fcnktlich zum Apero um 19.oo Uhr trudelten alle ein!<\/p>\n<p><a href=\"http:\/\/www.flurhof.com\/web\/wp-content\/uploads\/2015\/03\/P1000275.jpg\" data-rel=\"lightbox-gallery-oL1p7zSf\" data-rl_title=\"\" data-rl_caption=\"\"><img loading=\"lazy\" decoding=\"async\" class=\"alignnone size-medium wp-image-8872\" title=\"\" src=\"http:\/\/www.flurhof.com\/web\/wp-content\/uploads\/2015\/03\/P1000275-300x199.jpg\" alt=\"\" width=\"300\" height=\"199\" \/><\/a><\/p>\n<p>&#8230;und unser Paparazzi hatte alle H\u00e4nde voll zu tun<\/p>\n<p><a href=\"http:\/\/www.flurhof.com\/web\/wp-content\/uploads\/2015\/03\/P1000267.jpg\" data-rel=\"lightbox-gallery-oL1p7zSf\" data-rl_title=\"\" data-rl_caption=\"\"><img loading=\"lazy\" decoding=\"async\" class=\"alignnone size-medium wp-image-8869\" title=\"\" src=\"http:\/\/www.flurhof.com\/web\/wp-content\/uploads\/2015\/03\/P1000267-300x168.jpg\" alt=\"\" width=\"300\" height=\"168\" \/><\/a><\/p>\n<p>die Masse konnte kaum in Schach gehalten werden \ud83d\ude09<\/p>\n<p><a href=\"http:\/\/www.flurhof.com\/web\/wp-content\/uploads\/2015\/03\/P1000261.jpg\" data-rel=\"lightbox-gallery-oL1p7zSf\" data-rl_title=\"\" data-rl_caption=\"\"><img loading=\"lazy\" decoding=\"async\" class=\"alignnone size-medium wp-image-8866\" title=\"\" src=\"http:\/\/www.flurhof.com\/web\/wp-content\/uploads\/2015\/03\/P1000261-300x168.jpg\" alt=\"\" width=\"300\" height=\"168\" \/><\/a><\/p>\n<p>Womanizer Rolli war wie gewohnt voll im Element.. zu seiner rechten unsere Viola und zu seiner linken Lara<\/p>\n<p><a href=\"http:\/\/www.flurhof.com\/web\/wp-content\/uploads\/2015\/03\/P1000262.jpg\" data-rel=\"lightbox-gallery-oL1p7zSf\" data-rl_title=\"\" data-rl_caption=\"\"><img loading=\"lazy\" decoding=\"async\" class=\"alignnone size-medium wp-image-8867\" title=\"\" src=\"http:\/\/www.flurhof.com\/web\/wp-content\/uploads\/2015\/03\/P1000262-300x168.jpg\" alt=\"\" width=\"300\" height=\"168\" \/><\/a><\/p>\n<p>sichtlich gute Laune bei Silvia und G\u00fcnth<\/p>\n<p><a href=\"http:\/\/www.flurhof.com\/web\/wp-content\/uploads\/2015\/03\/P1000258.jpg\" data-rel=\"lightbox-gallery-oL1p7zSf\" data-rl_title=\"\" data-rl_caption=\"\"><img loading=\"lazy\" decoding=\"async\" class=\"alignnone size-medium wp-image-8865\" title=\"\" src=\"http:\/\/www.flurhof.com\/web\/wp-content\/uploads\/2015\/03\/P1000258-300x168.jpg\" alt=\"\" width=\"300\" height=\"168\" \/><\/a><\/p>\n<p>Let us take a selfie \ud83d\ude09<\/p>\n<p><a href=\"http:\/\/www.flurhof.com\/web\/wp-content\/uploads\/2015\/03\/P1000321.jpg\" data-rel=\"lightbox-gallery-oL1p7zSf\" data-rl_title=\"\" data-rl_caption=\"\"><img loading=\"lazy\" decoding=\"async\" class=\"alignnone size-medium wp-image-8879\" title=\"\" src=\"http:\/\/www.flurhof.com\/web\/wp-content\/uploads\/2015\/03\/P1000321-300x168.jpg\" alt=\"\" width=\"300\" height=\"168\" \/><\/a><\/p>\n<p>Joel und Celine unsere Junioren<\/p>\n<p><a href=\"http:\/\/www.flurhof.com\/web\/wp-content\/uploads\/2015\/03\/P1000330.jpg\" data-rel=\"lightbox-gallery-oL1p7zSf\" data-rl_title=\"\" data-rl_caption=\"\"><img loading=\"lazy\" decoding=\"async\" class=\"alignnone size-medium wp-image-8883\" title=\"\" src=\"http:\/\/www.flurhof.com\/web\/wp-content\/uploads\/2015\/03\/P1000330-300x168.jpg\" alt=\"\" width=\"300\" height=\"168\" \/><\/a><\/p>\n<p>einmal l\u00e4cheln bitte..<\/p>\n<p><a href=\"http:\/\/www.flurhof.com\/web\/wp-content\/uploads\/2015\/03\/P1000329.jpg\" data-rel=\"lightbox-gallery-oL1p7zSf\" data-rl_title=\"\" data-rl_caption=\"\"><img loading=\"lazy\" decoding=\"async\" class=\"alignnone size-medium wp-image-8882\" title=\"\" src=\"http:\/\/www.flurhof.com\/web\/wp-content\/uploads\/2015\/03\/P1000329-300x168.jpg\" alt=\"\" width=\"300\" height=\"168\" \/><\/a><\/p>\n<p>es gab jede Menge zu bequatschen!<\/p>\n<p><a href=\"http:\/\/www.flurhof.com\/web\/wp-content\/uploads\/2015\/03\/P1000280.jpg\" data-rel=\"lightbox-gallery-oL1p7zSf\" data-rl_title=\"\" data-rl_caption=\"\"><img loading=\"lazy\" decoding=\"async\" class=\"alignnone size-medium wp-image-8874\" title=\"\" src=\"http:\/\/www.flurhof.com\/web\/wp-content\/uploads\/2015\/03\/P1000280-300x199.jpg\" alt=\"\" width=\"300\" height=\"199\" \/><\/a><\/p>\n<p>King Bodo &#8222;der einzige&#8220; \ud83d\ude09<\/p>\n<p><a href=\"http:\/\/www.flurhof.com\/web\/wp-content\/uploads\/2015\/03\/P1000327.jpg\" data-rel=\"lightbox-gallery-oL1p7zSf\" data-rl_title=\"\" data-rl_caption=\"\"><img loading=\"lazy\" decoding=\"async\" class=\"alignnone size-medium wp-image-8881\" title=\"\" src=\"http:\/\/www.flurhof.com\/web\/wp-content\/uploads\/2015\/03\/P1000327-300x168.jpg\" alt=\"\" width=\"300\" height=\"168\" \/><\/a><\/p>\n<p>zwei die sich gut verstehen.. Manuela und Carola<\/p>\n<p><a href=\"http:\/\/www.flurhof.com\/web\/wp-content\/uploads\/2015\/03\/P1000298.jpg\" data-rel=\"lightbox-gallery-oL1p7zSf\" data-rl_title=\"\" data-rl_caption=\"\"><img loading=\"lazy\" decoding=\"async\" title=\"\" src=\"http:\/\/www.flurhof.com\/web\/wp-content\/uploads\/2015\/03\/P1000298-199x300.jpg\" alt=\"\" width=\"199\" height=\"300\" \/><\/a><\/p>\n<p>Hauptthema des Abends &#8211; unsere neue Pr\u00e4sidentin Lara Larissa Halding-Hoppenheit!<\/p>\n<p><a href=\"http:\/\/www.flurhof.com\/web\/wp-content\/uploads\/2015\/03\/IMG_1385-2.jpg\" data-rel=\"lightbox-gallery-oL1p7zSf\" data-rl_title=\"\" data-rl_caption=\"\"><img loading=\"lazy\" decoding=\"async\" title=\"\" src=\"http:\/\/www.flurhof.com\/web\/wp-content\/uploads\/2015\/03\/IMG_1385-2-225x300.jpg\" alt=\"\" width=\"225\" height=\"300\" \/><\/a><\/p>\n<p>Im Namen aller RC Flurhof Mitglieder danken wir Willy f\u00fcr die 11 Jahre, die er mit sehr viel Liebe und Engagement den Verein zu dem gemacht hat, was er heute ist!<\/p>\n<p><a href=\"http:\/\/www.flurhof.com\/web\/wp-content\/uploads\/2015\/03\/P1000316.jpg\" data-rel=\"lightbox-gallery-oL1p7zSf\" data-rl_title=\"\" data-rl_caption=\"\"><img loading=\"lazy\" decoding=\"async\" class=\"alignnone size-medium wp-image-8877\" title=\"\" src=\"http:\/\/www.flurhof.com\/web\/wp-content\/uploads\/2015\/03\/P1000316-199x300.jpg\" alt=\"\" width=\"199\" height=\"300\" \/><\/a><\/p>\n<p>Willy erhielt als neuer Ehrenpr\u00e4sident des RC Flurhof \u00a0eine Krone mit Zepter<\/p>\n<p><a href=\"http:\/\/www.flurhof.com\/web\/wp-content\/uploads\/2015\/03\/P1000310.jpg\" data-rel=\"lightbox-gallery-oL1p7zSf\" data-rl_title=\"\" data-rl_caption=\"\"><img loading=\"lazy\" decoding=\"async\" title=\"\" src=\"http:\/\/www.flurhof.com\/web\/wp-content\/uploads\/2015\/03\/P1000310-300x199.jpg\" alt=\"\" width=\"300\" height=\"199\" \/><\/a><\/p>\n<p>Wenn das keinen Applaus wert ist!<\/p>\n<p><a href=\"http:\/\/www.flurhof.com\/web\/wp-content\/uploads\/2015\/03\/IMG_1394.jpg\" data-rel=\"lightbox-gallery-oL1p7zSf\" data-rl_title=\"\" data-rl_caption=\"\"><img loading=\"lazy\" decoding=\"async\" title=\"\" src=\"http:\/\/www.flurhof.com\/web\/wp-content\/uploads\/2015\/03\/IMG_1394-300x225.jpg\" alt=\"\" width=\"300\" height=\"225\" \/><\/a><\/p>\n<p>Darf ich vorstellen, der neue Vorstand des RC-Flurhof in seiner ganzen Pracht;-)<\/p>\n<p><a href=\"http:\/\/www.flurhof.com\/web\/wp-content\/uploads\/2015\/03\/P1000269.jpg\" data-rel=\"lightbox-gallery-oL1p7zSf\" data-rl_title=\"\" data-rl_caption=\"\"><img loading=\"lazy\" decoding=\"async\" class=\"alignnone size-medium wp-image-8870\" title=\"\" src=\"http:\/\/www.flurhof.com\/web\/wp-content\/uploads\/2015\/03\/P1000269-300x168.jpg\" alt=\"\" width=\"300\" height=\"168\" \/><\/a><\/p>\n<p>ein Foto f\u00fcrs Familien-Album<\/p>\n<p><a href=\"http:\/\/www.flurhof.com\/web\/wp-content\/uploads\/2015\/03\/P1000320.jpg\" data-rel=\"lightbox-gallery-oL1p7zSf\" data-rl_title=\"\" data-rl_caption=\"\"><img loading=\"lazy\" decoding=\"async\" class=\"alignnone size-medium wp-image-8878\" title=\"\" src=\"http:\/\/www.flurhof.com\/web\/wp-content\/uploads\/2015\/03\/P1000320-300x168.jpg\" alt=\"\" width=\"300\" height=\"168\" \/><\/a><\/p>\n<p>Geschwister Liebe<\/p>\n<p><a href=\"http:\/\/www.flurhof.com\/web\/wp-content\/uploads\/2015\/03\/P1000278.jpg\" data-rel=\"lightbox-gallery-oL1p7zSf\" data-rl_title=\"\" data-rl_caption=\"\"><img loading=\"lazy\" decoding=\"async\" class=\"alignnone size-medium wp-image-8873\" title=\"\" src=\"http:\/\/www.flurhof.com\/web\/wp-content\/uploads\/2015\/03\/P1000278-300x199.jpg\" alt=\"\" width=\"300\" height=\"199\" \/><\/a><\/p>\n<p>Strahlende Gesichter deuten auf einen gelungenen Abend<\/p>\n<p><a href=\"http:\/\/www.flurhof.com\/web\/wp-content\/uploads\/2015\/03\/P1000326.jpg\" data-rel=\"lightbox-gallery-oL1p7zSf\" data-rl_title=\"\" data-rl_caption=\"\"><img loading=\"lazy\" decoding=\"async\" class=\"alignnone size-medium wp-image-8880\" title=\"\" src=\"http:\/\/www.flurhof.com\/web\/wp-content\/uploads\/2015\/03\/P1000326-300x168.jpg\" alt=\"\" width=\"300\" height=\"168\" \/><\/a><\/p>\n<p>Carola und Pippi strahlten um die Wette \ud83d\ude42<\/p>\n<p><a href=\"http:\/\/www.flurhof.com\/web\/wp-content\/uploads\/2015\/03\/P1000264.jpg\" data-rel=\"lightbox-gallery-oL1p7zSf\" data-rl_title=\"\" data-rl_caption=\"\"><img loading=\"lazy\" decoding=\"async\" class=\"alignnone size-medium wp-image-8868\" title=\"\" src=\"http:\/\/www.flurhof.com\/web\/wp-content\/uploads\/2015\/03\/P1000264-300x168.jpg\" alt=\"\" width=\"300\" height=\"168\" \/><\/a><\/p>\n<p>Carola lies sich ein VIP-Foto mit Pr\u00e4sidentin Lara nicht nehmen<\/p>\n<p><a href=\"http:\/\/www.flurhof.com\/web\/wp-content\/uploads\/2015\/03\/IMG_1402.jpg\" data-rel=\"lightbox-gallery-oL1p7zSf\" data-rl_title=\"\" data-rl_caption=\"\"><img loading=\"lazy\" decoding=\"async\" title=\"\" src=\"http:\/\/www.flurhof.com\/web\/wp-content\/uploads\/2015\/03\/IMG_1402-300x225.jpg\" alt=\"\" width=\"300\" height=\"225\" \/><\/a><\/p>\n<p>tja.. was soll man dazu sagen? &#8230;umso sp\u00e4ter der Abend, desto interessanter die Ereignisse \ud83d\ude09 Was erwarten die wohl auf dem Fussboden zu finden???<\/p>\n<p>Samstag und Sonntag ging dann das Turnier-Geschehen wieder los \ud83d\ude42<\/p>\n<p>Auf dem Plan stand einmal mehr das Dressurturnier in Bregenz.Geschniegelt und gestriegelt machte sich Vera mit 4 Pferden auf den Weg dahin. Begleitet wurde sie von Roli, Sarina, Jacky &amp; Thomas mit Familie. Na bei so viel Betreuung konnte ja eigentlich nichts mehr schief gehen und so brachten sie einige Schleifchen mit nach Hause.<\/p>\n<p><a href=\"http:\/\/www.flurhof.com\/web\/wp-content\/uploads\/2015\/03\/IMG_1717.jpg\" data-rel=\"lightbox-gallery-oL1p7zSf\" data-rl_title=\"\" data-rl_caption=\"\"><img loading=\"lazy\" decoding=\"async\" class=\"alignnone size-medium wp-image-8887\" title=\"\" src=\"http:\/\/www.flurhof.com\/web\/wp-content\/uploads\/2015\/03\/IMG_1717-225x300.jpg\" alt=\"\" width=\"225\" height=\"300\" \/><\/a><\/p>\n<p>Roli war wie gewohnt in der ersten Reihe anzutreffen<\/p>\n<p><a href=\"http:\/\/www.flurhof.com\/web\/wp-content\/uploads\/2015\/03\/20140406_133251.jpg\" data-rel=\"lightbox-gallery-oL1p7zSf\" data-rl_title=\"\" data-rl_caption=\"\"><img loading=\"lazy\" decoding=\"async\" class=\"alignnone size-medium wp-image-8886\" title=\"\" src=\"http:\/\/www.flurhof.com\/web\/wp-content\/uploads\/2015\/03\/20140406_133251-225x300.jpg\" alt=\"\" width=\"225\" height=\"300\" \/><\/a><\/p>\n<p>f\u00fcr die mentale Vorbereitung von Deseo k\u00fcmmerte sich Sarina pers\u00f6nlich<\/p>\n<p><a href=\"http:\/\/www.flurhof.com\/web\/wp-content\/uploads\/2015\/03\/10647102_10205413327187983_7480256124664665079_n.jpg\" data-rel=\"lightbox-gallery-oL1p7zSf\" data-rl_title=\"\" data-rl_caption=\"\"><img loading=\"lazy\" decoding=\"async\" class=\"alignnone size-medium wp-image-8884\" title=\"\" src=\"http:\/\/www.flurhof.com\/web\/wp-content\/uploads\/2015\/03\/10647102_10205413327187983_7480256124664665079_n-168x300.jpg\" alt=\"\" width=\"168\" height=\"300\" \/><\/a><\/p>\n<p>Vera und Riscal &#8211; ein Team das sich wieder gefunden hat<\/p>\n<p><a href=\"http:\/\/www.flurhof.com\/web\/wp-content\/uploads\/2015\/03\/20140406_122714.jpg\" data-rel=\"lightbox-gallery-oL1p7zSf\" data-rl_title=\"\" data-rl_caption=\"\"><img loading=\"lazy\" decoding=\"async\" class=\"alignnone size-medium wp-image-8885\" title=\"\" src=\"http:\/\/www.flurhof.com\/web\/wp-content\/uploads\/2015\/03\/20140406_122714-225x300.jpg\" alt=\"\" width=\"225\" height=\"300\" \/><\/a><\/p>\n<p>erfolgreiche Schleifchen-Jagd \ud83d\ude42<\/p>\n<p>&nbsp;<\/p>\n","protected":false},"excerpt":{"rendered":"<p>Unsere Flurh\u00f6fler einmal ganz Privat \ud83d\ude09 Neben hartem Training, viel Arbeit und langen Turnier-Wochenenden l\u00e4sst die Zeit nur selten zu, die Freizeit einmal anders zu gestalten. Doch diese Woche waren gleich zwei Events am Start bei denen unsere Pferdchen mal nicht im Mittelpunkt standen. Otto und Carola bevorzugten es einen gem\u00fctlichen Tag mit Freunden in [&hellip;]<\/p>\n","protected":false},"author":1,"featured_media":0,"comment_status":"closed","ping_status":"closed","sticky":false,"template":"","format":"standard","meta":{"_acf_changed":false,"footnotes":""},"categories":[6],"tags":[],"class_list":["post-8857","post","type-post","status-publish","format-standard","hentry","category-news-aktuelles"],"acf":[],"_links":{"self":[{"href":"https:\/\/flurhof.com\/index.php\/wp-json\/wp\/v2\/posts\/8857","targetHints":{"allow":["GET"]}}],"collection":[{"href":"https:\/\/flurhof.com\/index.php\/wp-json\/wp\/v2\/posts"}],"about":[{"href":"https:\/\/flurhof.com\/index.php\/wp-json\/wp\/v2\/types\/post"}],"author":[{"embeddable":true,"href":"https:\/\/flurhof.com\/index.php\/wp-json\/wp\/v2\/users\/1"}],"replies":[{"embeddable":true,"href":"https:\/\/flurhof.com\/index.php\/wp-json\/wp\/v2\/comments?post=8857"}],"version-history":[{"count":0,"href":"https:\/\/flurhof.com\/index.php\/wp-json\/wp\/v2\/posts\/8857\/revisions"}],"wp:attachment":[{"href":"https:\/\/flurhof.com\/index.php\/wp-json\/wp\/v2\/media?parent=8857"}],"wp:term":[{"taxonomy":"category","embeddable":true,"href":"https:\/\/flurhof.com\/index.php\/wp-json\/wp\/v2\/categories?post=8857"},{"taxonomy":"post_tag","embeddable":true,"href":"https:\/\/flurhof.com\/index.php\/wp-json\/wp\/v2\/tags?post=8857"}],"curies":[{"name":"wp","href":"https:\/\/api.w.org\/{rel}","templated":true}]}}