


{"id":8793,"date":"2015-03-15T18:19:53","date_gmt":"2015-03-15T18:19:53","guid":{"rendered":"http:\/\/www.flurhof.com\/web\/?p=8793"},"modified":"2015-03-15T18:19:53","modified_gmt":"2015-03-15T18:19:53","slug":"cs-oberriet-11-15-03-2015","status":"publish","type":"post","link":"https:\/\/flurhof.com\/index.php\/2015\/03\/15\/cs-oberriet-11-15-03-2015\/","title":{"rendered":"CS Oberriet 11. &#8211; 15.03.2015"},"content":{"rendered":"<p>..dieses Wochenende gings mal wieder rund! Rund im Parcours, rund im Dressurviereck und oben drauf hatten wir noch einen runden Geburtstag zu feiern!<\/p>\n<p>Auch die Erfolgsbilanz kann sich sehen lassen.. ausser ein paar wenige Ecken und Kanten k\u00f6nnen unsere Flurh\u00f6fler mit den Ergebnissen rundum zufrieden sein.<\/p>\n<p>Beginnen wir mit unseren Springern, die sich in Oberriet das Rennen lieferten..<\/p>\n<p><a href=\"http:\/\/www.flurhof.com\/web\/wp-content\/uploads\/2015\/03\/IMG_2338.jpg\" data-rel=\"lightbox-gallery-yLosRWZO\" data-rl_title=\"\" data-rl_caption=\"\"><img loading=\"lazy\" decoding=\"async\" class=\"alignnone size-medium wp-image-8808\" title=\"\" src=\"http:\/\/www.flurhof.com\/web\/wp-content\/uploads\/2015\/03\/IMG_2338-225x300.jpg\" alt=\"\" width=\"225\" height=\"300\" \/><\/a><\/p>\n<p>Manu und Naomi im Einsatz<\/p>\n<p><a href=\"http:\/\/www.flurhof.com\/web\/wp-content\/uploads\/2015\/03\/IMG_2336.jpg\" data-rel=\"lightbox-gallery-yLosRWZO\" data-rl_title=\"\" data-rl_caption=\"\"><img loading=\"lazy\" decoding=\"async\" class=\"alignnone size-medium wp-image-8807\" title=\"\" src=\"http:\/\/www.flurhof.com\/web\/wp-content\/uploads\/2015\/03\/IMG_2336-300x225.jpg\" alt=\"\" width=\"300\" height=\"225\" \/><\/a><\/p>\n<p>auch Carola und Chinook zeigten zwei tolle Runden<\/p>\n<p><a href=\"http:\/\/www.flurhof.com\/web\/wp-content\/uploads\/2015\/03\/IMG_2334.jpg\" data-rel=\"lightbox-gallery-yLosRWZO\" data-rl_title=\"\" data-rl_caption=\"\"><img loading=\"lazy\" decoding=\"async\" class=\"alignnone size-medium wp-image-8806\" title=\"\" src=\"http:\/\/www.flurhof.com\/web\/wp-content\/uploads\/2015\/03\/IMG_2334-300x225.jpg\" alt=\"\" width=\"300\" height=\"225\" \/><\/a><\/p>\n<p>Oberbereiter Rohner bei der Arbeit&#8230; \u00e4hh dem Vergn\u00fcgen;-)<\/p>\n<p><a href=\"http:\/\/www.flurhof.com\/web\/wp-content\/uploads\/2015\/03\/IMG_2323.jpg\" data-rel=\"lightbox-gallery-yLosRWZO\" data-rl_title=\"\" data-rl_caption=\"\"><img loading=\"lazy\" decoding=\"async\" class=\"alignnone size-medium wp-image-8805\" title=\"\" src=\"http:\/\/www.flurhof.com\/web\/wp-content\/uploads\/2015\/03\/IMG_2323-300x225.jpg\" alt=\"\" width=\"300\" height=\"225\" \/><\/a><\/p>\n<p>Rita und Billy meldeten sich zum Hunde-babysitter Dienst!<\/p>\n<p><a href=\"http:\/\/www.flurhof.com\/web\/wp-content\/uploads\/2015\/03\/IMG_2320.jpg\" data-rel=\"lightbox-gallery-yLosRWZO\" data-rl_title=\"\" data-rl_caption=\"\"><img loading=\"lazy\" decoding=\"async\" class=\"alignnone size-medium wp-image-8804\" title=\"\" src=\"http:\/\/www.flurhof.com\/web\/wp-content\/uploads\/2015\/03\/IMG_2320-300x225.jpg\" alt=\"\" width=\"300\" height=\"225\" \/><\/a><\/p>\n<p>jetzt noch mal alle aufs Klo und dann reiten wir los \ud83d\ude09<\/p>\n<p><a href=\"http:\/\/www.flurhof.com\/web\/wp-content\/uploads\/2015\/03\/IMG_2314.jpg\" data-rel=\"lightbox-gallery-yLosRWZO\" data-rl_title=\"\" data-rl_caption=\"\"><img loading=\"lazy\" decoding=\"async\" class=\"alignnone size-medium wp-image-8803\" title=\"\" src=\"http:\/\/www.flurhof.com\/web\/wp-content\/uploads\/2015\/03\/IMG_2314-225x300.jpg\" alt=\"\" width=\"225\" height=\"300\" \/><\/a><\/p>\n<p>Quiz der Woche: Wer um Himmels willen ist der \u00fcberaus gut aussehende junge Herr mit diesem durchtrainierten Luxus- K\u00f6rper, der da gerade Carola ein K\u00fcsschen aufdr\u00fcckt&#8230; hahaa \ud83d\ude09 ????<\/p>\n<p><a href=\"http:\/\/www.flurhof.com\/web\/wp-content\/uploads\/2015\/03\/IMG_2293.jpg\" data-rel=\"lightbox-gallery-yLosRWZO\" data-rl_title=\"\" data-rl_caption=\"\"><img loading=\"lazy\" decoding=\"async\" class=\"alignnone size-medium wp-image-8802\" title=\"\" src=\"http:\/\/www.flurhof.com\/web\/wp-content\/uploads\/2015\/03\/IMG_2293-225x300.jpg\" alt=\"\" width=\"225\" height=\"300\" \/><\/a><\/p>\n<p>mit von der Partie Pippi und Charly..<\/p>\n<p><a href=\"http:\/\/www.flurhof.com\/web\/wp-content\/uploads\/2015\/03\/IMG_2316.jpg\" data-rel=\"lightbox-gallery-yLosRWZO\" data-rl_title=\"\" data-rl_caption=\"\"><img loading=\"lazy\" decoding=\"async\" title=\"\" src=\"http:\/\/www.flurhof.com\/web\/wp-content\/uploads\/2015\/03\/IMG_2316-225x300.jpg\" alt=\"\" width=\"225\" height=\"300\" \/><\/a><\/p>\n<p>Fazit vom Freitag: Waldi kam, sah&#8230; und fuhr wieder nach Hause \ud83d\ude42 und alle anderen folgten seinem Windschatten<\/p>\n<p><a href=\"http:\/\/www.flurhof.com\/web\/wp-content\/uploads\/2015\/03\/DSC_0049.jpg\" data-rel=\"lightbox-gallery-yLosRWZO\" data-rl_title=\"\" data-rl_caption=\"\"><img loading=\"lazy\" decoding=\"async\" class=\"alignnone size-medium wp-image-8795\" title=\"\" src=\"http:\/\/www.flurhof.com\/web\/wp-content\/uploads\/2015\/03\/DSC_0049-300x201.jpg\" alt=\"\" width=\"300\" height=\"201\" \/><\/a><\/p>\n<p>unsere fleissigen Helferlein<\/p>\n<p><a href=\"http:\/\/www.flurhof.com\/web\/wp-content\/uploads\/2015\/03\/DSC_0038.jpg\" data-rel=\"lightbox-gallery-yLosRWZO\" data-rl_title=\"\" data-rl_caption=\"\"><img loading=\"lazy\" decoding=\"async\" title=\"\" src=\"http:\/\/www.flurhof.com\/web\/wp-content\/uploads\/2015\/03\/DSC_0038-300x201.jpg\" alt=\"\" width=\"300\" height=\"201\" \/><\/a><\/p>\n<p>WEN oder WAS unsere vier M\u00e4nner da wohl im Blick hatten??<\/p>\n<p><a href=\"http:\/\/www.flurhof.com\/web\/wp-content\/uploads\/2015\/03\/DSC_0057.jpg\" data-rel=\"lightbox-gallery-yLosRWZO\" data-rl_title=\"\" data-rl_caption=\"\"><img loading=\"lazy\" decoding=\"async\" class=\"alignnone size-medium wp-image-8797\" title=\"\" src=\"http:\/\/www.flurhof.com\/web\/wp-content\/uploads\/2015\/03\/DSC_0057-300x201.jpg\" alt=\"\" width=\"300\" height=\"201\" \/><\/a><\/p>\n<p>Auf LOS gehts LOS..!!<\/p>\n<p><a href=\"http:\/\/www.flurhof.com\/web\/wp-content\/uploads\/2015\/03\/DSC_00671.jpg\" data-rel=\"lightbox-gallery-yLosRWZO\" data-rl_title=\"\" data-rl_caption=\"\"><img loading=\"lazy\" decoding=\"async\" title=\"\" src=\"http:\/\/www.flurhof.com\/web\/wp-content\/uploads\/2015\/03\/DSC_00671-300x201.jpg\" alt=\"\" width=\"300\" height=\"201\" \/><\/a><\/p>\n<p>Joey im Warm-up!<\/p>\n<p><a href=\"http:\/\/www.flurhof.com\/web\/wp-content\/uploads\/2015\/03\/DSC_00531.jpg\" data-rel=\"lightbox-gallery-yLosRWZO\" data-rl_title=\"\" data-rl_caption=\"\"><img loading=\"lazy\" decoding=\"async\" class=\"alignnone size-medium wp-image-8796\" title=\"\" src=\"http:\/\/www.flurhof.com\/web\/wp-content\/uploads\/2015\/03\/DSC_00531-300x201.jpg\" alt=\"\" width=\"300\" height=\"201\" \/><\/a><\/p>\n<p>Nat\u00fcrlich durften Sam und J\u00f6ggi nicht fehlen!<\/p>\n<p><a href=\"http:\/\/www.flurhof.com\/web\/wp-content\/uploads\/2015\/03\/DSC_00191.jpg\" data-rel=\"lightbox-gallery-yLosRWZO\" data-rl_title=\"\" data-rl_caption=\"\"><img loading=\"lazy\" decoding=\"async\" title=\"\" src=\"http:\/\/www.flurhof.com\/web\/wp-content\/uploads\/2015\/03\/DSC_00191-300x182.jpg\" alt=\"\" width=\"300\" height=\"182\" \/><\/a><\/p>\n<p>Caira rundete ihr Wochenende reiterlich perfekt ab mit zwei Nullrunden im 1,40m Springen<\/p>\n<p><a href=\"http:\/\/www.flurhof.com\/web\/wp-content\/uploads\/2015\/03\/DSC_0035.jpg\" data-rel=\"lightbox-gallery-yLosRWZO\" data-rl_title=\"\" data-rl_caption=\"\"><img loading=\"lazy\" decoding=\"async\" class=\"alignnone size-medium wp-image-8815\" title=\"\" src=\"http:\/\/www.flurhof.com\/web\/wp-content\/uploads\/2015\/03\/DSC_0035-300x201.jpg\" alt=\"\" width=\"300\" height=\"201\" \/><\/a><\/p>\n<p>Canberro sorgte f\u00fcr lauten Flurhof\u00a0 Jubel und gl\u00e4nzte im 1,40m mit dem dritten Schlussrang<\/p>\n<p><a href=\"http:\/\/www.flurhof.com\/web\/wp-content\/uploads\/2015\/03\/DSC_0094.jpg\" data-rel=\"lightbox-gallery-yLosRWZO\" data-rl_title=\"\" data-rl_caption=\"\"><img loading=\"lazy\" decoding=\"async\" class=\"alignnone size-medium wp-image-8816\" title=\"\" src=\"http:\/\/www.flurhof.com\/web\/wp-content\/uploads\/2015\/03\/DSC_0094-300x175.jpg\" alt=\"\" width=\"300\" height=\"175\" \/><\/a><\/p>\n<p>Auch Tobi und Casetto setzten am Samstag abend im 1,40m noch einen drauf und zeigten eine tolle Runde!<\/p>\n<p><a href=\"http:\/\/www.flurhof.com\/web\/wp-content\/uploads\/2015\/03\/IMG_1291.jpg\" data-rel=\"lightbox-gallery-yLosRWZO\" data-rl_title=\"\" data-rl_caption=\"\"><img loading=\"lazy\" decoding=\"async\" class=\"alignnone size-medium wp-image-8812\" title=\"\" src=\"http:\/\/www.flurhof.com\/web\/wp-content\/uploads\/2015\/03\/IMG_1291-300x225.jpg\" alt=\"\" width=\"300\" height=\"225\" \/><\/a><\/p>\n<p>der Fanclub wurde von mal zu mal gr\u00f6sser und gr\u00f6sser&#8230;<\/p>\n<p><a href=\"http:\/\/www.flurhof.com\/web\/wp-content\/uploads\/2015\/03\/10623944_10201777646397603_4119768867000759129_o.jpg\" data-rel=\"lightbox-gallery-yLosRWZO\" data-rl_title=\"\" data-rl_caption=\"\"><img loading=\"lazy\" decoding=\"async\" title=\"\" src=\"http:\/\/www.flurhof.com\/web\/wp-content\/uploads\/2015\/03\/10623944_10201777646397603_4119768867000759129_o-300x224.jpg\" alt=\"\" width=\"300\" height=\"224\" \/><\/a><\/p>\n<p>unsere Flurhof Youngsters Joelle und Lilli gingen nicht ohne Schleifchen nach Hause&#8230;<\/p>\n<p><a href=\"http:\/\/www.flurhof.com\/web\/wp-content\/uploads\/2015\/03\/IMG_1296.jpg\" data-rel=\"lightbox-gallery-yLosRWZO\" data-rl_title=\"\" data-rl_caption=\"\"><img loading=\"lazy\" decoding=\"async\" title=\"\" src=\"http:\/\/www.flurhof.com\/web\/wp-content\/uploads\/2015\/03\/IMG_1296-300x225.jpg\" alt=\"\" width=\"300\" height=\"225\" \/><\/a><\/p>\n<p>&#8230;und unsere erfahrenen Hasen Viola und Dr.dr. Professor Cilot zeigten mit einem Sieg und weiteren Platzierungen das mit ihnen zu rechnen ist!<\/p>\n<p><a href=\"http:\/\/www.flurhof.com\/web\/wp-content\/uploads\/2015\/03\/IMG_2339.jpg\" data-rel=\"lightbox-gallery-yLosRWZO\" data-rl_title=\"\" data-rl_caption=\"\"><img loading=\"lazy\" decoding=\"async\" title=\"\" src=\"http:\/\/www.flurhof.com\/web\/wp-content\/uploads\/2015\/03\/IMG_2339-225x300.jpg\" alt=\"\" width=\"225\" height=\"300\" \/><\/a><\/p>\n<p>Daumen hoch f\u00fcr Adi, unsere M\u00e4dels und Cilot der mit seinen 22 Jahren nichts von Ruhestand wissen will (wenn es nach ihm ginge :-)..)<\/p>\n<p>Nicht nur unsere Springer waren voll im Einsatz.. auch Dressur Queen Vera machte das Feld unsicher!<\/p>\n<p><a href=\"http:\/\/www.flurhof.com\/web\/wp-content\/uploads\/2015\/03\/P1000374.jpg\" data-rel=\"lightbox-gallery-yLosRWZO\" data-rl_title=\"\" data-rl_caption=\"\"><img loading=\"lazy\" decoding=\"async\" class=\"alignnone size-medium wp-image-8825\" title=\"\" src=\"http:\/\/www.flurhof.com\/web\/wp-content\/uploads\/2015\/03\/P1000374-300x200.jpg\" alt=\"\" width=\"300\" height=\"200\" \/><\/a><\/p>\n<p>Vera er\u00f6ffnete in Buchs ZH die Dressur Saison<\/p>\n<p>Wie schon vor ab erw\u00e4hnt hatten wir einen runden Geburtstag zu feiern:<\/p>\n<p><a href=\"http:\/\/www.flurhof.com\/web\/wp-content\/uploads\/2015\/03\/Foto0029.jpg\" data-rel=\"lightbox-gallery-yLosRWZO\" data-rl_title=\"\" data-rl_caption=\"\"><img loading=\"lazy\" decoding=\"async\" title=\"\" src=\"http:\/\/www.flurhof.com\/web\/wp-content\/uploads\/2015\/03\/Foto0029-e1426442380904-225x300.jpg\" alt=\"\" width=\"225\" height=\"300\" \/><\/a><\/p>\n<p>60 Jahre Roli!!!<\/p>\n<p><a href=\"http:\/\/www.flurhof.com\/web\/wp-content\/uploads\/2015\/03\/Foto0031.jpg\" data-rel=\"lightbox-gallery-yLosRWZO\" data-rl_title=\"\" data-rl_caption=\"\"><img loading=\"lazy\" decoding=\"async\" class=\"alignnone size-medium wp-image-8818\" title=\"\" src=\"http:\/\/www.flurhof.com\/web\/wp-content\/uploads\/2015\/03\/Foto0031-300x225.jpg\" alt=\"\" width=\"300\" height=\"225\" \/><\/a><\/p>\n<p>Roli wird 60.. was durfte nat\u00fcrlich nicht fehlen? H\u00fcbsche junge Girls so weit das Auge reichte \ud83d\ude09<\/p>\n<p><a href=\"http:\/\/www.flurhof.com\/web\/wp-content\/uploads\/2015\/03\/Foto0037.jpg\" data-rel=\"lightbox-gallery-yLosRWZO\" data-rl_title=\"\" data-rl_caption=\"\"><img loading=\"lazy\" decoding=\"async\" class=\"alignnone size-medium wp-image-8820\" title=\"\" src=\"http:\/\/www.flurhof.com\/web\/wp-content\/uploads\/2015\/03\/Foto0037-300x225.jpg\" alt=\"\" width=\"300\" height=\"225\" \/><\/a><\/p>\n<p>wie schon gesagt so weit das Auge reichte.. Flurhof Girls + Paul<\/p>\n<p><a href=\"http:\/\/www.flurhof.com\/web\/wp-content\/uploads\/2015\/03\/Foto0049.jpg\" data-rel=\"lightbox-gallery-yLosRWZO\" data-rl_title=\"\" data-rl_caption=\"\"><img loading=\"lazy\" decoding=\"async\" class=\"alignnone size-medium wp-image-8822\" title=\"\" src=\"http:\/\/www.flurhof.com\/web\/wp-content\/uploads\/2015\/03\/Foto0049-300x225.jpg\" alt=\"\" width=\"300\" height=\"225\" \/><\/a><\/p>\n<p>Spezial Guest Bodo durfte selbsverst\u00e4ndlich nicht fehlen!<\/p>\n<p><a href=\"http:\/\/www.flurhof.com\/web\/wp-content\/uploads\/2015\/03\/Foto0053.jpg\" data-rel=\"lightbox-gallery-yLosRWZO\" data-rl_title=\"\" data-rl_caption=\"\"><img loading=\"lazy\" decoding=\"async\" class=\"alignnone size-medium wp-image-8823\" title=\"\" src=\"http:\/\/www.flurhof.com\/web\/wp-content\/uploads\/2015\/03\/Foto0053-300x225.jpg\" alt=\"\" width=\"300\" height=\"225\" \/><\/a><\/p>\n<p>Gute Laune und viel Spass war angesagt!<\/p>\n<p><a href=\"http:\/\/www.flurhof.com\/web\/wp-content\/uploads\/2015\/03\/Foto0035.jpg\" data-rel=\"lightbox-gallery-yLosRWZO\" data-rl_title=\"\" data-rl_caption=\"\"><img loading=\"lazy\" decoding=\"async\" class=\"alignnone size-medium wp-image-8819\" title=\"\" src=\"http:\/\/www.flurhof.com\/web\/wp-content\/uploads\/2015\/03\/Foto0035-300x225.jpg\" alt=\"\" width=\"300\" height=\"225\" \/><\/a><\/p>\n<p>Falls sich die einen oder anderen noch erinnern k\u00f6nnen haben wir noch ein offenes R\u00e4tsel zu l\u00fcften:<\/p>\n<p>Wer steckte denn hinter unseren immer wieder tollen Bildern?<\/p>\n<p>L\u00f6sung: (siehe oben) unsere Uschi k\u00fcmmert sich mit sehr viel Liebe und Geduld um unsere tollen Fotos! HERZLICHEN DANK!<\/p>\n<p>&nbsp;<\/p>\n<p>&nbsp;<\/p>\n<p>&nbsp;<\/p>\n","protected":false},"excerpt":{"rendered":"<p>..dieses Wochenende gings mal wieder rund! Rund im Parcours, rund im Dressurviereck und oben drauf hatten wir noch einen runden Geburtstag zu feiern! Auch die Erfolgsbilanz kann sich sehen lassen.. ausser ein paar wenige Ecken und Kanten k\u00f6nnen unsere Flurh\u00f6fler mit den Ergebnissen rundum zufrieden sein. Beginnen wir mit unseren Springern, die sich in Oberriet [&hellip;]<\/p>\n","protected":false},"author":1,"featured_media":0,"comment_status":"closed","ping_status":"closed","sticky":false,"template":"","format":"standard","meta":{"_acf_changed":false,"footnotes":""},"categories":[6],"tags":[],"class_list":["post-8793","post","type-post","status-publish","format-standard","hentry","category-news-aktuelles"],"acf":[],"_links":{"self":[{"href":"https:\/\/flurhof.com\/index.php\/wp-json\/wp\/v2\/posts\/8793","targetHints":{"allow":["GET"]}}],"collection":[{"href":"https:\/\/flurhof.com\/index.php\/wp-json\/wp\/v2\/posts"}],"about":[{"href":"https:\/\/flurhof.com\/index.php\/wp-json\/wp\/v2\/types\/post"}],"author":[{"embeddable":true,"href":"https:\/\/flurhof.com\/index.php\/wp-json\/wp\/v2\/users\/1"}],"replies":[{"embeddable":true,"href":"https:\/\/flurhof.com\/index.php\/wp-json\/wp\/v2\/comments?post=8793"}],"version-history":[{"count":0,"href":"https:\/\/flurhof.com\/index.php\/wp-json\/wp\/v2\/posts\/8793\/revisions"}],"wp:attachment":[{"href":"https:\/\/flurhof.com\/index.php\/wp-json\/wp\/v2\/media?parent=8793"}],"wp:term":[{"taxonomy":"category","embeddable":true,"href":"https:\/\/flurhof.com\/index.php\/wp-json\/wp\/v2\/categories?post=8793"},{"taxonomy":"post_tag","embeddable":true,"href":"https:\/\/flurhof.com\/index.php\/wp-json\/wp\/v2\/tags?post=8793"}],"curies":[{"name":"wp","href":"https:\/\/api.w.org\/{rel}","templated":true}]}}