


{"id":8598,"date":"2015-01-27T18:22:23","date_gmt":"2015-01-27T18:22:23","guid":{"rendered":"http:\/\/www.flurhof.com\/web\/?p=8598"},"modified":"2015-01-27T18:22:23","modified_gmt":"2015-01-27T18:22:23","slug":"r-i-p-bella-hautle","status":"publish","type":"post","link":"https:\/\/flurhof.com\/index.php\/2015\/01\/27\/r-i-p-bella-hautle\/","title":{"rendered":"R.I.P Bella Hautle"},"content":{"rendered":"<p>Geliebt und unvergessen&#8230;<\/p>\n<p><img loading=\"lazy\" decoding=\"async\" id=\"irc_ilrp_mut\" src=\"https:\/\/encrypted-tbn0.gstatic.com\/images?q=tbn:ANd9GcRy7h7_dgsGIT-_dX3l6GAPXBqC0ithQJCGhmDU05VthQ8tnZoL8_ZdQtVR\" alt=\"\" width=\"450\" height=\"203\" \/><\/p>\n<p>und immer sind da Spuren deines Lebens,<\/p>\n<p>Gedanken, Bilder, Augenblicke und Gef\u00fchle &#8211; sie werden uns immer an dich erinnern Bella..<\/p>\n<p>&nbsp;<\/p>\n<p>Nach kurzer, schwerer Krankheit mussten wir heute, am 27. Januar 2015, von unserer geliebten Bella Abschied nehmen. Der Abschied von einem Familienmitglied wie Bella f\u00e4llt schwer und hinterl\u00e4sst eine grosse L\u00fccke&#8230;!<\/p>\n<p>&nbsp;<\/p>\n<p><a href=\"http:\/\/www.flurhof.com\/web\/wp-content\/uploads\/2015\/01\/P1000650.jpg\" data-rel=\"lightbox-gallery-j6YxZAs1\" data-rl_title=\"\" data-rl_caption=\"\"><img loading=\"lazy\" decoding=\"async\" class=\"alignnone size-large wp-image-8607\" title=\"\" src=\"http:\/\/www.flurhof.com\/web\/wp-content\/uploads\/2015\/01\/P1000650-580x773.jpg\" alt=\"\" width=\"580\" height=\"773\" \/><\/a><\/p>\n<p>Bella war bekannt als muntere H\u00fcndin, die stets den Flurhof sowie alle Vier- und Zweibeiner auf Trab hielt<\/p>\n<p><a href=\"http:\/\/www.flurhof.com\/web\/wp-content\/uploads\/2015\/01\/IMG_0511.jpg\" data-rel=\"lightbox-gallery-j6YxZAs1\" data-rl_title=\"\" data-rl_caption=\"\"><img loading=\"lazy\" decoding=\"async\" class=\"alignnone size-large wp-image-8602\" title=\"\" src=\"http:\/\/www.flurhof.com\/web\/wp-content\/uploads\/2015\/01\/IMG_0511-580x435.jpg\" alt=\"\" width=\"580\" height=\"435\" \/><\/a><\/p>\n<p>Als Babysitter mit kritischem Blick: Leo, Bodo, Oskar und Billy wurden von Bella h\u00f6chstpers\u00f6nlich erzogen und eingelernt ins Hofhundedasein<\/p>\n<p><a href=\"http:\/\/www.flurhof.com\/web\/wp-content\/uploads\/2015\/01\/P1000700.jpg\" data-rel=\"lightbox-gallery-j6YxZAs1\" data-rl_title=\"\" data-rl_caption=\"\"><img loading=\"lazy\" decoding=\"async\" class=\"alignnone size-large wp-image-8608\" title=\"\" src=\"http:\/\/www.flurhof.com\/web\/wp-content\/uploads\/2015\/01\/P1000700-580x435.jpg\" alt=\"\" width=\"580\" height=\"435\" \/><\/a><\/p>\n<p>Billy musste da durch die harte Schule \ud83d\ude09<\/p>\n<p><a href=\"http:\/\/www.flurhof.com\/web\/wp-content\/uploads\/2015\/01\/P1000795.jpg\" data-rel=\"lightbox-gallery-j6YxZAs1\" data-rl_title=\"\" data-rl_caption=\"\"><img loading=\"lazy\" decoding=\"async\" class=\"alignnone size-large wp-image-8609\" title=\"\" src=\"http:\/\/www.flurhof.com\/web\/wp-content\/uploads\/2015\/01\/P1000795-580x435.jpg\" alt=\"\" width=\"580\" height=\"435\" \/><\/a><\/p>\n<p>Bella war nicht nur Hofhund des Flurhofs, sie war vielmehr ein Familienmitglied, dass wir schweren Herzens gehen haben lassen &#8211; aber immer in unserem Herzen tragen werden!!<\/p>\n<p><a href=\"http:\/\/www.flurhof.com\/web\/wp-content\/uploads\/2015\/01\/IMG_0516.jpg\" data-rel=\"lightbox-gallery-j6YxZAs1\" data-rl_title=\"\" data-rl_caption=\"\"><img loading=\"lazy\" decoding=\"async\" class=\"alignnone size-large wp-image-8603\" title=\"\" src=\"http:\/\/www.flurhof.com\/web\/wp-content\/uploads\/2015\/01\/IMG_0516-580x387.jpg\" alt=\"\" width=\"580\" height=\"387\" \/><\/a><\/p>\n<p>Stets auf Augenh\u00f6hen mit den Pferden: Bellchen hatte sie alle im Griff!<\/p>\n<p><a href=\"http:\/\/www.flurhof.com\/web\/wp-content\/uploads\/2015\/01\/IMG_0617.jpg\" data-rel=\"lightbox-gallery-j6YxZAs1\" data-rl_title=\"\" data-rl_caption=\"\"><img loading=\"lazy\" decoding=\"async\" class=\"alignnone size-large wp-image-8605\" title=\"\" src=\"http:\/\/www.flurhof.com\/web\/wp-content\/uploads\/2015\/01\/IMG_0617-580x386.jpg\" alt=\"\" width=\"580\" height=\"386\" \/><\/a><\/p>\n<p>Die Hautle-Damen unter sich<\/p>\n<p><a href=\"http:\/\/www.flurhof.com\/web\/wp-content\/uploads\/2015\/01\/IMG_0333.jpg\" data-rel=\"lightbox-gallery-j6YxZAs1\" data-rl_title=\"\" data-rl_caption=\"\"><img loading=\"lazy\" decoding=\"async\" class=\"alignnone size-large wp-image-8601\" title=\"\" src=\"http:\/\/www.flurhof.com\/web\/wp-content\/uploads\/2015\/01\/IMG_0333-580x773.jpg\" alt=\"\" width=\"580\" height=\"773\" \/><\/a><\/p>\n<p>Zwei Kulleraugen und eine treue Seele &lt;3<\/p>\n<p><a href=\"http:\/\/www.flurhof.com\/web\/wp-content\/uploads\/2015\/01\/P1000517.jpg\" data-rel=\"lightbox-gallery-j6YxZAs1\" data-rl_title=\"\" data-rl_caption=\"\"><img loading=\"lazy\" decoding=\"async\" class=\"alignnone size-large wp-image-8606\" title=\"\" src=\"http:\/\/www.flurhof.com\/web\/wp-content\/uploads\/2015\/01\/P1000517-580x773.jpg\" alt=\"\" width=\"580\" height=\"773\" \/><\/a><\/p>\n<p>Im Mittelpunkt der Familie war ihr liebster Platz<\/p>\n<p><a href=\"http:\/\/www.flurhof.com\/web\/wp-content\/uploads\/2015\/01\/0171.jpg\" data-rel=\"lightbox-gallery-j6YxZAs1\" data-rl_title=\"\" data-rl_caption=\"\"><img loading=\"lazy\" decoding=\"async\" class=\"alignnone size-full wp-image-8599\" title=\"\" src=\"http:\/\/www.flurhof.com\/web\/wp-content\/uploads\/2015\/01\/0171.jpg\" alt=\"\" width=\"353\" height=\"549\" \/><\/a><\/p>\n<p>Bell-Bell wirft sich in Pose &#8211; das Foto Shooting kann beginnen<\/p>\n<p><a href=\"http:\/\/www.flurhof.com\/web\/wp-content\/uploads\/2015\/01\/IMG_0589.jpg\" data-rel=\"lightbox-gallery-j6YxZAs1\" data-rl_title=\"\" data-rl_caption=\"\"><img loading=\"lazy\" decoding=\"async\" class=\"alignnone size-large wp-image-8604\" title=\"\" src=\"http:\/\/www.flurhof.com\/web\/wp-content\/uploads\/2015\/01\/IMG_0589-580x387.jpg\" alt=\"\" width=\"580\" height=\"387\" \/><\/a><\/p>\n<p>Kein Schritt auf dem Hofgel\u00e4nde blieb unbewacht<\/p>\n<p><a href=\"http:\/\/www.flurhof.com\/web\/wp-content\/uploads\/2015\/01\/DSC03702.jpg\" data-rel=\"lightbox-gallery-j6YxZAs1\" data-rl_title=\"\" data-rl_caption=\"\"><img loading=\"lazy\" decoding=\"async\" class=\"alignnone size-large wp-image-8600\" title=\"\" src=\"http:\/\/www.flurhof.com\/web\/wp-content\/uploads\/2015\/01\/DSC03702-580x870.jpg\" alt=\"\" width=\"580\" height=\"870\" \/><\/a><\/p>\n<p>Eine Dame die stets Haltung bewahrte!<\/p>\n<p><a href=\"http:\/\/www.flurhof.com\/web\/wp-content\/uploads\/2015\/01\/P1010150.jpg\" data-rel=\"lightbox-gallery-j6YxZAs1\" data-rl_title=\"\" data-rl_caption=\"\"><img loading=\"lazy\" decoding=\"async\" class=\"alignnone size-large wp-image-8610\" title=\"\" src=\"http:\/\/www.flurhof.com\/web\/wp-content\/uploads\/2015\/01\/P1010150-580x435.jpg\" alt=\"\" width=\"580\" height=\"435\" \/><\/a><\/p>\n<p>Bellchen war bis zuletzt stolz, aufmerksam und liess sich keinen Spaziergang mit Willy entgehen!<\/p>\n<p><a href=\"http:\/\/www.flurhof.com\/web\/wp-content\/uploads\/2015\/01\/P1140911.jpg\" data-rel=\"lightbox-gallery-j6YxZAs1\" data-rl_title=\"\" data-rl_caption=\"\"><img loading=\"lazy\" decoding=\"async\" class=\"alignnone size-large wp-image-8614\" title=\"\" src=\"http:\/\/www.flurhof.com\/web\/wp-content\/uploads\/2015\/01\/P1140911-580x326.jpg\" alt=\"\" width=\"580\" height=\"326\" \/><\/a><\/p>\n<p>Ein Traumduo: Bella und Oskar<\/p>\n<p><a href=\"http:\/\/www.flurhof.com\/web\/wp-content\/uploads\/2015\/01\/Klosters-u-Anna-006.jpg\" data-rel=\"lightbox-gallery-j6YxZAs1\" data-rl_title=\"\" data-rl_caption=\"\"><img loading=\"lazy\" decoding=\"async\" class=\"alignnone size-large wp-image-8615\" title=\"\" src=\"http:\/\/www.flurhof.com\/web\/wp-content\/uploads\/2015\/01\/Klosters-u-Anna-006-580x773.jpg\" alt=\"\" width=\"580\" height=\"773\" \/><\/a><\/p>\n<p>Als treue Begleiterin f\u00fcr jede Tour zu haben: mit viel Begeisterung unternahm Bella mit Silvia und Willy unz\u00e4hlige Wanderungen und Spazierg\u00e4nge<\/p>\n<p><a href=\"http:\/\/www.flurhof.com\/web\/wp-content\/uploads\/2015\/01\/Mami-mit-Kameraden.jpg\" data-rel=\"lightbox-gallery-j6YxZAs1\" data-rl_title=\"\" data-rl_caption=\"\"><img loading=\"lazy\" decoding=\"async\" class=\"alignnone size-large wp-image-8616\" title=\"\" src=\"http:\/\/www.flurhof.com\/web\/wp-content\/uploads\/2015\/01\/Mami-mit-Kameraden-580x773.jpg\" alt=\"\" width=\"580\" height=\"773\" \/><\/a><\/p>\n<p>Bella, wir sind f\u00fcr all die sch\u00f6nen Jahre dankbar &#8211; du bleibst immer in unserer Mitte!!<\/p>\n<p>&nbsp;<\/p>\n","protected":false},"excerpt":{"rendered":"<p>Geliebt und unvergessen&#8230; und immer sind da Spuren deines Lebens, Gedanken, Bilder, Augenblicke und Gef\u00fchle &#8211; sie werden uns immer an dich erinnern Bella.. &nbsp; Nach kurzer, schwerer Krankheit mussten wir heute, am 27. Januar 2015, von unserer geliebten Bella Abschied nehmen. Der Abschied von einem Familienmitglied wie Bella f\u00e4llt schwer und hinterl\u00e4sst eine grosse [&hellip;]<\/p>\n","protected":false},"author":1,"featured_media":0,"comment_status":"closed","ping_status":"closed","sticky":false,"template":"","format":"standard","meta":{"_acf_changed":false,"footnotes":""},"categories":[6],"tags":[],"class_list":["post-8598","post","type-post","status-publish","format-standard","hentry","category-news-aktuelles"],"acf":[],"_links":{"self":[{"href":"https:\/\/flurhof.com\/index.php\/wp-json\/wp\/v2\/posts\/8598","targetHints":{"allow":["GET"]}}],"collection":[{"href":"https:\/\/flurhof.com\/index.php\/wp-json\/wp\/v2\/posts"}],"about":[{"href":"https:\/\/flurhof.com\/index.php\/wp-json\/wp\/v2\/types\/post"}],"author":[{"embeddable":true,"href":"https:\/\/flurhof.com\/index.php\/wp-json\/wp\/v2\/users\/1"}],"replies":[{"embeddable":true,"href":"https:\/\/flurhof.com\/index.php\/wp-json\/wp\/v2\/comments?post=8598"}],"version-history":[{"count":0,"href":"https:\/\/flurhof.com\/index.php\/wp-json\/wp\/v2\/posts\/8598\/revisions"}],"wp:attachment":[{"href":"https:\/\/flurhof.com\/index.php\/wp-json\/wp\/v2\/media?parent=8598"}],"wp:term":[{"taxonomy":"category","embeddable":true,"href":"https:\/\/flurhof.com\/index.php\/wp-json\/wp\/v2\/categories?post=8598"},{"taxonomy":"post_tag","embeddable":true,"href":"https:\/\/flurhof.com\/index.php\/wp-json\/wp\/v2\/tags?post=8598"}],"curies":[{"name":"wp","href":"https:\/\/api.w.org\/{rel}","templated":true}]}}