


{"id":8457,"date":"2014-12-14T20:21:39","date_gmt":"2014-12-14T20:21:39","guid":{"rendered":"http:\/\/www.flurhof.com\/web\/?p=8457"},"modified":"2014-12-14T20:21:39","modified_gmt":"2014-12-14T20:21:39","slug":"adventswochenende-12-bis-14-dezember-2014","status":"publish","type":"post","link":"https:\/\/flurhof.com\/index.php\/2014\/12\/14\/adventswochenende-12-bis-14-dezember-2014\/","title":{"rendered":"Adventswochenende 12. bis 14. Dezember 2014"},"content":{"rendered":"<p>Auf die Pl\u00e4tze&#8230; Fertig&#8230; LOS!<\/p>\n<p>..und auf gehts zum Arbeitseinsatz am Samstag und zum w\u00f6chentlichen Freispringen am Sonntag!! Ob Mann, ob Frau, ob klein ob gross alle waren herzlich eingeladen am Samstag und\/oder am Sonntag mit anzupacken! Denn es gab einiges zu tun..<\/p>\n<p>Wer dieses Wochenende so am Flurhof anzutreffen war und was genau da los war&#8230; Schaut euch doch einfach die Fotos an!<\/p>\n<p><a href=\"http:\/\/www.flurhof.com\/web\/wp-content\/uploads\/2014\/12\/Foto0414.jpg\" data-rel=\"lightbox-gallery-aet5YYPu\" data-rl_title=\"\" data-rl_caption=\"\" title=\"\"><\/a><a href=\"http:\/\/www.flurhof.com\/web\/wp-content\/uploads\/2014\/12\/IMG_6839.jpg\" data-rel=\"lightbox-gallery-aet5YYPu\" data-rl_title=\"\" data-rl_caption=\"\"><img loading=\"lazy\" decoding=\"async\" class=\"alignnone size-medium wp-image-8481\" title=\"\" src=\"http:\/\/www.flurhof.com\/web\/wp-content\/uploads\/2014\/12\/IMG_6839-300x225.jpg\" alt=\"\" width=\"300\" height=\"225\" \/><\/a><\/p>\n<p>&#8222;Wie es sich geh\u00f6rt&#8220; hatte Carola ihre arbeitenden M\u00e4nner voll im Griff<\/p>\n<p><a href=\"http:\/\/www.flurhof.com\/web\/wp-content\/uploads\/2014\/12\/IMG_6837.jpg\" data-rel=\"lightbox-gallery-aet5YYPu\" data-rl_title=\"\" data-rl_caption=\"\"><img loading=\"lazy\" decoding=\"async\" class=\"alignnone size-medium wp-image-8480\" title=\"\" src=\"http:\/\/www.flurhof.com\/web\/wp-content\/uploads\/2014\/12\/IMG_6837-300x225.jpg\" alt=\"\" width=\"300\" height=\"225\" \/><\/a><\/p>\n<p>PEACE Adi &#8211; H\u00e4nde geh\u00f6ren ans Steuer \ud83d\ude09<\/p>\n<p><a href=\"http:\/\/www.flurhof.com\/web\/wp-content\/uploads\/2014\/12\/Foto0412.jpg\" data-rel=\"lightbox-gallery-aet5YYPu\" data-rl_title=\"\" data-rl_caption=\"\"><img loading=\"lazy\" decoding=\"async\" title=\"\" src=\"http:\/\/www.flurhof.com\/web\/wp-content\/uploads\/2014\/12\/Foto0412-225x300.jpg\" alt=\"\" width=\"225\" height=\"300\" \/><\/a><\/p>\n<p>&#8222;R\u00f6bi belive he can fly&#8220; oder genoss er es einmal der gr\u00f6sste zu sein? \ud83d\ude09<\/p>\n<p><a href=\"http:\/\/www.flurhof.com\/web\/wp-content\/uploads\/2014\/12\/IMG_6814.jpg\" data-rel=\"lightbox-gallery-aet5YYPu\" data-rl_title=\"\" data-rl_caption=\"\"><img loading=\"lazy\" decoding=\"async\" class=\"alignnone size-medium wp-image-8476\" title=\"\" src=\"http:\/\/www.flurhof.com\/web\/wp-content\/uploads\/2014\/12\/IMG_6814-225x300.jpg\" alt=\"\" width=\"225\" height=\"300\" \/><\/a><\/p>\n<p>Schmuse-Stunde bei Patricia und Sisco<\/p>\n<p><a href=\"http:\/\/www.flurhof.com\/web\/wp-content\/uploads\/2014\/12\/IMG_6825.jpg\" data-rel=\"lightbox-gallery-aet5YYPu\" data-rl_title=\"\" data-rl_caption=\"\"><img loading=\"lazy\" decoding=\"async\" class=\"alignnone size-medium wp-image-8479\" title=\"\" src=\"http:\/\/www.flurhof.com\/web\/wp-content\/uploads\/2014\/12\/IMG_6825-300x225.jpg\" alt=\"\" width=\"300\" height=\"225\" \/><\/a><\/p>\n<p>Wer versteckt sich in der verbotenen Zone?<\/p>\n<p><a href=\"http:\/\/www.flurhof.com\/web\/wp-content\/uploads\/2014\/12\/IMG_6822.jpg\" data-rel=\"lightbox-gallery-aet5YYPu\" data-rl_title=\"\" data-rl_caption=\"\"><img loading=\"lazy\" decoding=\"async\" class=\"alignnone size-medium wp-image-8478\" title=\"\" src=\"http:\/\/www.flurhof.com\/web\/wp-content\/uploads\/2014\/12\/IMG_6822-225x300.jpg\" alt=\"\" width=\"225\" height=\"300\" \/><\/a><\/p>\n<p>Na die fleissigen Arbeiter-Heinzelm\u00e4nnchen&#8230;<\/p>\n<p><a href=\"http:\/\/www.flurhof.com\/web\/wp-content\/uploads\/2014\/12\/IMG_6817.jpg\" data-rel=\"lightbox-gallery-aet5YYPu\" data-rl_title=\"\" data-rl_caption=\"\"><img loading=\"lazy\" decoding=\"async\" class=\"alignnone size-medium wp-image-8477\" title=\"\" src=\"http:\/\/www.flurhof.com\/web\/wp-content\/uploads\/2014\/12\/IMG_6817-300x225.jpg\" alt=\"\" width=\"300\" height=\"225\" \/><\/a><\/p>\n<p>&#8230;.und w\u00e4hrend die einen arbeiten z.b F\u00e4bi (siehe oben) genossen die anderen das sch\u00f6ne Wetter z.B. Kati \ud83d\ude09<\/p>\n<p><a href=\"http:\/\/www.flurhof.com\/web\/wp-content\/uploads\/2014\/12\/IMG_6811.jpg\" data-rel=\"lightbox-gallery-aet5YYPu\" data-rl_title=\"\" data-rl_caption=\"\"><img loading=\"lazy\" decoding=\"async\" class=\"alignnone size-medium wp-image-8475\" title=\"\" src=\"http:\/\/www.flurhof.com\/web\/wp-content\/uploads\/2014\/12\/IMG_6811-225x300.jpg\" alt=\"\" width=\"225\" height=\"300\" \/><\/a><\/p>\n<p>Sch\u00f6nes Wetter?? &#8230;das lies sich auch Monique nicht zweimal sagen!<\/p>\n<p><a href=\"http:\/\/www.flurhof.com\/web\/wp-content\/uploads\/2014\/12\/IMG_6802.jpg\" data-rel=\"lightbox-gallery-aet5YYPu\" data-rl_title=\"\" data-rl_caption=\"\"><img loading=\"lazy\" decoding=\"async\" class=\"alignnone size-medium wp-image-8470\" title=\"\" src=\"http:\/\/www.flurhof.com\/web\/wp-content\/uploads\/2014\/12\/IMG_6802-225x300.jpg\" alt=\"\" width=\"225\" height=\"300\" \/><\/a><\/p>\n<p>Seltsames Bild: Carola und der Kochtopf??<\/p>\n<p><a href=\"http:\/\/www.flurhof.com\/web\/wp-content\/uploads\/2014\/12\/IMG_6804.jpg\" data-rel=\"lightbox-gallery-aet5YYPu\" data-rl_title=\"\" data-rl_caption=\"\"><img loading=\"lazy\" decoding=\"async\" class=\"alignnone size-medium wp-image-8471\" title=\"\" src=\"http:\/\/www.flurhof.com\/web\/wp-content\/uploads\/2014\/12\/IMG_6804-225x300.jpg\" alt=\"\" width=\"225\" height=\"300\" \/><\/a><\/p>\n<p>War klar das da was nicht stimmen konnte.. Ritas leckeres Essen war unterwegs!<\/p>\n<p><a href=\"http:\/\/www.flurhof.com\/web\/wp-content\/uploads\/2014\/12\/IMG_6794.jpg\" data-rel=\"lightbox-gallery-aet5YYPu\" data-rl_title=\"\" data-rl_caption=\"\"><img loading=\"lazy\" decoding=\"async\" class=\"alignnone size-medium wp-image-8467\" title=\"\" src=\"http:\/\/www.flurhof.com\/web\/wp-content\/uploads\/2014\/12\/IMG_6794-300x225.jpg\" alt=\"\" width=\"300\" height=\"225\" \/><\/a><\/p>\n<p>&#8230;und die Stimmung erreichte ihren H\u00f6hepunkt!<\/p>\n<p><a href=\"http:\/\/www.flurhof.com\/web\/wp-content\/uploads\/2014\/12\/IMG_6796.jpg\" data-rel=\"lightbox-gallery-aet5YYPu\" data-rl_title=\"\" data-rl_caption=\"\"><img loading=\"lazy\" decoding=\"async\" class=\"alignnone size-medium wp-image-8468\" title=\"\" src=\"http:\/\/www.flurhof.com\/web\/wp-content\/uploads\/2014\/12\/IMG_6796-300x225.jpg\" alt=\"\" width=\"300\" height=\"225\" \/><\/a><\/p>\n<p>..denn wenn Man(n) arbeitet, muss Man(n) sich auch st\u00e4rken!<\/p>\n<p><a href=\"http:\/\/www.flurhof.com\/web\/wp-content\/uploads\/2014\/12\/IMG_6809.jpg\" data-rel=\"lightbox-gallery-aet5YYPu\" data-rl_title=\"\" data-rl_caption=\"\"><img loading=\"lazy\" decoding=\"async\" class=\"alignnone size-medium wp-image-8473\" title=\"\" src=\"http:\/\/www.flurhof.com\/web\/wp-content\/uploads\/2014\/12\/IMG_6809-225x300.jpg\" alt=\"\" width=\"225\" height=\"300\" \/><\/a><\/p>\n<p>auch July und Maden liessen sich das Freispringen nicht entgehen!<\/p>\n<p><a href=\"http:\/\/www.flurhof.com\/web\/wp-content\/uploads\/2014\/12\/IMG_6805.jpg\" data-rel=\"lightbox-gallery-aet5YYPu\" data-rl_title=\"\" data-rl_caption=\"\"><img loading=\"lazy\" decoding=\"async\" class=\"alignnone size-medium wp-image-8472\" title=\"\" src=\"http:\/\/www.flurhof.com\/web\/wp-content\/uploads\/2014\/12\/IMG_6805-300x225.jpg\" alt=\"\" width=\"300\" height=\"225\" \/><\/a><\/p>\n<p>ob klein oder gross &#8211; alle packten mit an!<\/p>\n<p><a href=\"http:\/\/www.flurhof.com\/web\/wp-content\/uploads\/2014\/12\/IMG_6810.jpg\" data-rel=\"lightbox-gallery-aet5YYPu\" data-rl_title=\"\" data-rl_caption=\"\"><img loading=\"lazy\" decoding=\"async\" class=\"alignnone size-medium wp-image-8474\" title=\"\" src=\"http:\/\/www.flurhof.com\/web\/wp-content\/uploads\/2014\/12\/IMG_6810-225x300.jpg\" alt=\"\" width=\"225\" height=\"300\" \/><\/a><\/p>\n<p>zwei die sich gut verstehen: Sabrina und Amadeus!<\/p>\n<p><a href=\"http:\/\/www.flurhof.com\/web\/wp-content\/uploads\/2014\/12\/image1.jpg\" data-rel=\"lightbox-gallery-aet5YYPu\" data-rl_title=\"\" data-rl_caption=\"\"><img loading=\"lazy\" decoding=\"async\" src=\"http:\/\/www.flurhof.com\/web\/wp-content\/uploads\/2014\/12\/image1-300x225.jpg\" alt=\"\" title=\"\" width=\"300\" height=\"225\" class=\"alignnone size-medium wp-image-8502\" \/><\/a><\/p>\n<p>Auch Milly und Silvia liessen sich die Sonnenstrahlen nicht entgehen \ud83d\ude42<\/p>\n<p><a href=\"http:\/\/www.flurhof.com\/web\/wp-content\/uploads\/2014\/12\/IMG_6799.jpg\" data-rel=\"lightbox-gallery-aet5YYPu\" data-rl_title=\"\" data-rl_caption=\"\"><img loading=\"lazy\" decoding=\"async\" class=\"alignnone size-medium wp-image-8469\" title=\"\" src=\"http:\/\/www.flurhof.com\/web\/wp-content\/uploads\/2014\/12\/IMG_6799-225x300.jpg\" alt=\"\" width=\"225\" height=\"300\" \/><\/a><\/p>\n<p>auch Davide konnte dem Flurhof-Paparazzi nicht entkommen \ud83d\ude09<\/p>\n<p><a href=\"http:\/\/www.flurhof.com\/web\/wp-content\/uploads\/2014\/12\/IMG_6788.jpg\" data-rel=\"lightbox-gallery-aet5YYPu\" data-rl_title=\"\" data-rl_caption=\"\"><img loading=\"lazy\" decoding=\"async\" class=\"alignnone size-medium wp-image-8466\" title=\"\" src=\"http:\/\/www.flurhof.com\/web\/wp-content\/uploads\/2014\/12\/IMG_6788-300x225.jpg\" alt=\"\" width=\"300\" height=\"225\" \/><\/a><\/p>\n<p>nicht nur Carlyto wurde spazieren gef\u00fchrt, auch Georgina war mit dabei \ud83d\ude42 (man beachte Kathis Kitty in der Jacke)<\/p>\n<p><a href=\"http:\/\/www.flurhof.com\/web\/wp-content\/uploads\/2014\/12\/Foto0433.jpg\" data-rel=\"lightbox-gallery-aet5YYPu\" data-rl_title=\"\" data-rl_caption=\"\"><img loading=\"lazy\" decoding=\"async\" title=\"\" src=\"http:\/\/www.flurhof.com\/web\/wp-content\/uploads\/2014\/12\/Foto0433-225x300.jpg\" alt=\"\" width=\"225\" height=\"300\" \/><\/a><\/p>\n<p>einmal posen bitte.. Kati, Sabrina mit Adreju und unsere kleinsten Reitsch\u00fclerin!<\/p>\n<p><a href=\"http:\/\/www.flurhof.com\/web\/wp-content\/uploads\/2014\/12\/IMG_6786.jpg\" data-rel=\"lightbox-gallery-aet5YYPu\" data-rl_title=\"\" data-rl_caption=\"\"><img loading=\"lazy\" decoding=\"async\" class=\"alignnone size-medium wp-image-8465\" title=\"\" src=\"http:\/\/www.flurhof.com\/web\/wp-content\/uploads\/2014\/12\/IMG_6786-300x225.jpg\" alt=\"\" width=\"300\" height=\"225\" \/><\/a><\/p>\n<p>Rundum Service f\u00fcr Charly-nach dem &#8222;freispringen&#8220;!<\/p>\n<p><a href=\"http:\/\/www.flurhof.com\/web\/wp-content\/uploads\/2014\/12\/Foto0429.jpg\" data-rel=\"lightbox-gallery-aet5YYPu\" data-rl_title=\"\" data-rl_caption=\"\"><img loading=\"lazy\" decoding=\"async\" title=\"\" src=\"http:\/\/www.flurhof.com\/web\/wp-content\/uploads\/2014\/12\/Foto0429-300x225.jpg\" alt=\"\" width=\"300\" height=\"225\" \/><\/a><\/p>\n<p>soooooo viele Fans&#8230; oder gab&#8217;s da was gratis?? \ud83d\ude09<\/p>\n<p><a href=\"http:\/\/www.flurhof.com\/web\/wp-content\/uploads\/2014\/12\/IMG_6856.jpg\" data-rel=\"lightbox-gallery-aet5YYPu\" data-rl_title=\"\" data-rl_caption=\"\"><img loading=\"lazy\" decoding=\"async\" class=\"alignnone size-medium wp-image-8482\" title=\"\" src=\"http:\/\/www.flurhof.com\/web\/wp-content\/uploads\/2014\/12\/IMG_6856-225x300.jpg\" alt=\"\" width=\"225\" height=\"300\" \/><\/a><\/p>\n<p>Martina und Carola &#8211; unzertrennlich (wenn sie nicht gerade mehrere Kontinente trennen) \ud83d\ude09<\/p>\n<p><a href=\"http:\/\/www.flurhof.com\/web\/wp-content\/uploads\/2014\/12\/Foto0401.jpg\" data-rel=\"lightbox-gallery-aet5YYPu\" data-rl_title=\"\" data-rl_caption=\"\"><img loading=\"lazy\" decoding=\"async\" title=\"\" src=\"http:\/\/www.flurhof.com\/web\/wp-content\/uploads\/2014\/12\/Foto0401-225x300.jpg\" alt=\"\" width=\"225\" height=\"300\" \/><\/a><\/p>\n<p>Bodo im Shopping-Fieber \ud83d\ude42 &#8211; mit Martina im supercoolen Reitshop von Amis in Berneck!<\/p>\n<p><a href=\"http:\/\/www.flurhof.com\/web\/wp-content\/uploads\/2014\/12\/IMG_6879.jpg\" data-rel=\"lightbox-gallery-aet5YYPu\" data-rl_title=\"\" data-rl_caption=\"\"><img loading=\"lazy\" decoding=\"async\" title=\"\" src=\"http:\/\/www.flurhof.com\/web\/wp-content\/uploads\/2014\/12\/IMG_6879-225x300.jpg\" alt=\"\" width=\"225\" height=\"300\" \/><\/a><\/p>\n<p>Bodo hatte mal wieder nur Augen f\u00fcr Martina!<\/p>\n<p><a href=\"http:\/\/www.flurhof.com\/web\/wp-content\/uploads\/2014\/12\/IMG_6880.jpg\" data-rel=\"lightbox-gallery-aet5YYPu\" data-rl_title=\"\" data-rl_caption=\"\"><img loading=\"lazy\" decoding=\"async\" title=\"\" src=\"http:\/\/www.flurhof.com\/web\/wp-content\/uploads\/2014\/12\/IMG_6880-225x300.jpg\" alt=\"\" width=\"225\" height=\"300\" \/><\/a><\/p>\n<p>Marina mit ihrem Youngster &#8211; Carlyto<\/p>\n<p><a href=\"http:\/\/www.flurhof.com\/web\/wp-content\/uploads\/2014\/12\/IMG_6877.jpg\" data-rel=\"lightbox-gallery-aet5YYPu\" data-rl_title=\"\" data-rl_caption=\"\"><img loading=\"lazy\" decoding=\"async\" class=\"alignnone size-medium wp-image-8484\" title=\"\" src=\"http:\/\/www.flurhof.com\/web\/wp-content\/uploads\/2014\/12\/IMG_6877-300x225.jpg\" alt=\"\" width=\"300\" height=\"225\" \/><\/a><\/p>\n<p>die Spannung steigt&#8230;<\/p>\n<p><a href=\"http:\/\/www.flurhof.com\/web\/wp-content\/uploads\/2014\/12\/IMG_6871.jpg\" data-rel=\"lightbox-gallery-aet5YYPu\" data-rl_title=\"\" data-rl_caption=\"\"><img loading=\"lazy\" decoding=\"async\" class=\"alignnone size-medium wp-image-8490\" title=\"\" src=\"http:\/\/www.flurhof.com\/web\/wp-content\/uploads\/2014\/12\/IMG_6871-300x225.jpg\" alt=\"\" width=\"300\" height=\"225\" \/><\/a><\/p>\n<p>und die Freude war gross! \ud83d\ude42<\/p>\n<p><a href=\"http:\/\/www.flurhof.com\/web\/wp-content\/uploads\/2014\/12\/IMG_6889.jpg\" data-rel=\"lightbox-gallery-aet5YYPu\" data-rl_title=\"\" data-rl_caption=\"\"><img loading=\"lazy\" decoding=\"async\" class=\"alignnone size-medium wp-image-8488\" title=\"\" src=\"http:\/\/www.flurhof.com\/web\/wp-content\/uploads\/2014\/12\/IMG_6889-225x300.jpg\" alt=\"\" width=\"225\" height=\"300\" \/><\/a><\/p>\n<p>Familien- zuwachs am Flurhof unsere f\u00fcnf K\u00e4tzchen f\u00fchlen sich Puddelwohl!<\/p>\n<p><a href=\"http:\/\/www.flurhof.com\/web\/wp-content\/uploads\/2014\/12\/IMG_6887.jpg\" data-rel=\"lightbox-gallery-aet5YYPu\" data-rl_title=\"\" data-rl_caption=\"\"><img loading=\"lazy\" decoding=\"async\" class=\"alignnone size-medium wp-image-8487\" title=\"\" src=\"http:\/\/www.flurhof.com\/web\/wp-content\/uploads\/2014\/12\/IMG_6887-225x300.jpg\" alt=\"\" width=\"225\" height=\"300\" \/><\/a><\/p>\n<p>und Billi freut sich \u00fcber neue Freunde \ud83d\ude09<\/p>\n<p><a href=\"http:\/\/www.flurhof.com\/web\/wp-content\/uploads\/2014\/12\/IMG_6891.jpg\" data-rel=\"lightbox-gallery-aet5YYPu\" data-rl_title=\"\" data-rl_caption=\"\"><img loading=\"lazy\" decoding=\"async\" class=\"alignnone size-medium wp-image-8489\" title=\"\" src=\"http:\/\/www.flurhof.com\/web\/wp-content\/uploads\/2014\/12\/IMG_6891-300x225.jpg\" alt=\"\" width=\"300\" height=\"225\" \/><\/a><\/p>\n<p>Zuguterletzt liessen unsere Flurh\u00f6fler das ereignissreiche Wochenende nat\u00fcrlich gem\u00fctlich ausklingen! \ud83d\ude42<\/p>\n<p><a href=\"http:\/\/www.flurhof.com\/web\/wp-content\/uploads\/2014\/12\/image.jpg\" data-rel=\"lightbox-gallery-aet5YYPu\" data-rl_title=\"\" data-rl_caption=\"\"><img loading=\"lazy\" decoding=\"async\" src=\"http:\/\/www.flurhof.com\/web\/wp-content\/uploads\/2014\/12\/image-225x300.jpg\" alt=\"\" title=\"\" width=\"225\" height=\"300\" class=\"alignnone size-medium wp-image-8497\" \/><\/a><\/p>\n<p>Lilli war dieses Wochenende in Salzburg unterwegs und holte sich mit ihrem Schimmel unique den hervorragenden 2. 3. und 1. Platz!! Herzliche Gratulation!!<br \/>\n&nbsp;<\/p>\n<p>&nbsp;<\/p>\n<p>&nbsp;<\/p>\n","protected":false},"excerpt":{"rendered":"<p>Auf die Pl\u00e4tze&#8230; Fertig&#8230; LOS! ..und auf gehts zum Arbeitseinsatz am Samstag und zum w\u00f6chentlichen Freispringen am Sonntag!! Ob Mann, ob Frau, ob klein ob gross alle waren herzlich eingeladen am Samstag und\/oder am Sonntag mit anzupacken! Denn es gab einiges zu tun.. Wer dieses Wochenende so am Flurhof anzutreffen war und was genau da [&hellip;]<\/p>\n","protected":false},"author":1,"featured_media":0,"comment_status":"closed","ping_status":"closed","sticky":false,"template":"","format":"standard","meta":{"_acf_changed":false,"footnotes":""},"categories":[6],"tags":[],"class_list":["post-8457","post","type-post","status-publish","format-standard","hentry","category-news-aktuelles"],"acf":[],"_links":{"self":[{"href":"https:\/\/flurhof.com\/index.php\/wp-json\/wp\/v2\/posts\/8457","targetHints":{"allow":["GET"]}}],"collection":[{"href":"https:\/\/flurhof.com\/index.php\/wp-json\/wp\/v2\/posts"}],"about":[{"href":"https:\/\/flurhof.com\/index.php\/wp-json\/wp\/v2\/types\/post"}],"author":[{"embeddable":true,"href":"https:\/\/flurhof.com\/index.php\/wp-json\/wp\/v2\/users\/1"}],"replies":[{"embeddable":true,"href":"https:\/\/flurhof.com\/index.php\/wp-json\/wp\/v2\/comments?post=8457"}],"version-history":[{"count":0,"href":"https:\/\/flurhof.com\/index.php\/wp-json\/wp\/v2\/posts\/8457\/revisions"}],"wp:attachment":[{"href":"https:\/\/flurhof.com\/index.php\/wp-json\/wp\/v2\/media?parent=8457"}],"wp:term":[{"taxonomy":"category","embeddable":true,"href":"https:\/\/flurhof.com\/index.php\/wp-json\/wp\/v2\/categories?post=8457"},{"taxonomy":"post_tag","embeddable":true,"href":"https:\/\/flurhof.com\/index.php\/wp-json\/wp\/v2\/tags?post=8457"}],"curies":[{"name":"wp","href":"https:\/\/api.w.org\/{rel}","templated":true}]}}