


{"id":8309,"date":"2014-10-26T16:49:19","date_gmt":"2014-10-26T16:49:19","guid":{"rendered":"http:\/\/www.flurhof.com\/web\/?p=8309"},"modified":"2014-10-26T16:49:19","modified_gmt":"2014-10-26T16:49:19","slug":"hallenspringen-und-andere-aktivitaten-24-10-26-10-2014","status":"publish","type":"post","link":"https:\/\/flurhof.com\/index.php\/2014\/10\/26\/hallenspringen-und-andere-aktivitaten-24-10-26-10-2014\/","title":{"rendered":"Hallenspringen und andere Aktivit\u00e4ten, 24.10. &#8211; 26.10.2014"},"content":{"rendered":"<p>In den letzten Tagen war mal wieder einiges los am Flurhof &#8211; mit viel Motivation wurde geschuftet und geackert, gelacht und gefeiert was das Zeug h\u00e4lt&#8230; \ud83d\ude42<\/p>\n<p>Cindy und Nicole machten sich am verl\u00e4ngerten Wochenende auf den Weg zum Hallenspring-Turnier in Sulgen, Reitsportzentrum Thurfeld. Begleitet wurden die beiden von Willy und Lara als Helferleins sowie den treuen Fans Paul, Uschi und Familie Kuratli.<\/p>\n<p>Die daheim Gebliebenen nutzten das Wochenende sehr vielf\u00e4ltig&#8230; Otto packte die Schermaschine aus, um seine Pferdchen f\u00fcrs n\u00e4chste Turnier schick zu machen, Martina und Carola \u00fcbten sich neben dem Shopping- ok, das k\u00f6nnen sie bereits &#8211; im Erziehen und Einreiten junger Pferde.<\/p>\n<p>&nbsp;<\/p>\n<p><a href=\"http:\/\/www.flurhof.com\/web\/wp-content\/uploads\/2014\/10\/DSC_0013.jpg\" data-rel=\"lightbox-gallery-lAGwFQc4\" data-rl_title=\"\" data-rl_caption=\"\"><img loading=\"lazy\" decoding=\"async\" title=\"\" src=\"http:\/\/www.flurhof.com\/web\/wp-content\/uploads\/2014\/10\/DSC_0013-300x201.jpg\" alt=\"\" width=\"300\" height=\"201\" \/><\/a><\/p>\n<p>Die letzten Vorbereitungen damit auch alles perfekt sitzt&#8230;.<\/p>\n<p><a href=\"http:\/\/www.flurhof.com\/web\/wp-content\/uploads\/2014\/10\/DSC_0018.jpg\" data-rel=\"lightbox-gallery-lAGwFQc4\" data-rl_title=\"\" data-rl_caption=\"\"><img loading=\"lazy\" decoding=\"async\" title=\"\" src=\"http:\/\/www.flurhof.com\/web\/wp-content\/uploads\/2014\/10\/DSC_0018-300x201.jpg\" alt=\"\" width=\"300\" height=\"201\" \/><\/a><\/p>\n<p>&#8230; und LOS geht&#8217;s! Die ersten Hallenparcours wurden erfolgreich gemeistert.<\/p>\n<p><a href=\"http:\/\/www.flurhof.com\/web\/wp-content\/uploads\/2014\/10\/DSC_0023.jpg\" data-rel=\"lightbox-gallery-lAGwFQc4\" data-rl_title=\"\" data-rl_caption=\"\"><img loading=\"lazy\" decoding=\"async\" title=\"\" src=\"http:\/\/www.flurhof.com\/web\/wp-content\/uploads\/2014\/10\/DSC_0023-300x201.jpg\" alt=\"\" width=\"300\" height=\"201\" \/><\/a><\/p>\n<p>die Ritte wurden von unserem Fanclub genaustens analysiert \ud83d\ude42<\/p>\n<p><a href=\"http:\/\/www.flurhof.com\/web\/wp-content\/uploads\/2014\/10\/DSC_0014.jpg\" data-rel=\"lightbox-gallery-lAGwFQc4\" data-rl_title=\"\" data-rl_caption=\"\"><img loading=\"lazy\" decoding=\"async\" title=\"\" src=\"http:\/\/www.flurhof.com\/web\/wp-content\/uploads\/2014\/10\/DSC_0014-300x201.jpg\" alt=\"\" width=\"300\" height=\"201\" \/><\/a><\/p>\n<p>Lara mit ihrem Charly, das wohl verw\u00f6hnteste Pferd auf dem Flurhof \ud83d\ude42\u00a0 &#8211; daf\u00fcr springt er auch TOP!<\/p>\n<p><a href=\"http:\/\/www.flurhof.com\/web\/wp-content\/uploads\/2014\/10\/dc7d0ab3198ece7e6c907ad6bcc1de42.jpg\" data-rel=\"lightbox-gallery-lAGwFQc4\" data-rl_title=\"\" data-rl_caption=\"\"><img loading=\"lazy\" decoding=\"async\" title=\"\" src=\"http:\/\/www.flurhof.com\/web\/wp-content\/uploads\/2014\/10\/dc7d0ab3198ece7e6c907ad6bcc1de42-300x180.jpg\" alt=\"\" width=\"300\" height=\"180\" \/><\/a><\/p>\n<p>Cindy und Stanley zeigten einige tolle Runden<\/p>\n<p><a href=\"http:\/\/www.flurhof.com\/web\/wp-content\/uploads\/2014\/10\/IMG_9717.jpg\" data-rel=\"lightbox-gallery-lAGwFQc4\" data-rl_title=\"\" data-rl_caption=\"\"><img loading=\"lazy\" decoding=\"async\" title=\"\" src=\"http:\/\/www.flurhof.com\/web\/wp-content\/uploads\/2014\/10\/IMG_9717-168x300.jpg\" alt=\"\" width=\"168\" height=\"300\" \/><\/a><\/p>\n<p>Martina und Carlyto &#8211; erste Kennenlern-Phase&#8230;<\/p>\n<p><a href=\"http:\/\/www.flurhof.com\/web\/wp-content\/uploads\/2014\/10\/IMG_9666.jpg\" data-rel=\"lightbox-gallery-lAGwFQc4\" data-rl_title=\"\" data-rl_caption=\"\"><img loading=\"lazy\" decoding=\"async\" title=\"\" src=\"http:\/\/www.flurhof.com\/web\/wp-content\/uploads\/2014\/10\/IMG_9666-168x300.jpg\" alt=\"\" width=\"168\" height=\"300\" \/><\/a><\/p>\n<p>Noch sitzt sie oben, das war auch schon anders&#8230;..<\/p>\n<p><a href=\"http:\/\/www.flurhof.com\/web\/wp-content\/uploads\/2014\/10\/IMG_9730.jpg\" data-rel=\"lightbox-gallery-lAGwFQc4\" data-rl_title=\"\" data-rl_caption=\"\"><img loading=\"lazy\" decoding=\"async\" class=\"alignnone size-medium wp-image-8314\" title=\"\" src=\"http:\/\/www.flurhof.com\/web\/wp-content\/uploads\/2014\/10\/IMG_9730-300x225.jpg\" alt=\"\" width=\"300\" height=\"225\" \/><\/a><\/p>\n<p>Hier wurde der 70. Geburtstag von Willy geb\u00fchrend gefeiert.<\/p>\n<p><a href=\"http:\/\/www.flurhof.com\/web\/wp-content\/uploads\/2014\/10\/IMG_9737.jpg\" data-rel=\"lightbox-gallery-lAGwFQc4\" data-rl_title=\"\" data-rl_caption=\"\"><img loading=\"lazy\" decoding=\"async\" class=\"alignnone size-medium wp-image-8315\" title=\"\" src=\"http:\/\/www.flurhof.com\/web\/wp-content\/uploads\/2014\/10\/IMG_9737-225x300.jpg\" alt=\"\" width=\"225\" height=\"300\" \/><\/a><\/p>\n<p>Chef auch an Bord und denkt &#8222;ohne mich l\u00e4uft mal wieder nix!&#8220;<\/p>\n<p><a href=\"http:\/\/www.flurhof.com\/web\/wp-content\/uploads\/2014\/10\/IMG_9644.jpg\" data-rel=\"lightbox-gallery-lAGwFQc4\" data-rl_title=\"\" data-rl_caption=\"\"><img loading=\"lazy\" decoding=\"async\" title=\"\" src=\"http:\/\/www.flurhof.com\/web\/wp-content\/uploads\/2014\/10\/IMG_9644-225x300.jpg\" alt=\"\" width=\"225\" height=\"300\" \/><\/a><\/p>\n<p>Finde den Fehler?!<\/p>\n<p><a href=\"http:\/\/www.flurhof.com\/web\/wp-content\/uploads\/2014\/10\/Foto0377.jpg\" data-rel=\"lightbox-gallery-lAGwFQc4\" data-rl_title=\"\" data-rl_caption=\"\"><img loading=\"lazy\" decoding=\"async\" class=\"alignnone size-medium wp-image-8329\" title=\"\" src=\"http:\/\/www.flurhof.com\/web\/wp-content\/uploads\/2014\/10\/Foto0377-300x225.jpg\" alt=\"\" width=\"300\" height=\"225\" \/><\/a><\/p>\n<p>Otto, nachdem wir seine Brille endlich wieder gefunden haben!<\/p>\n<p><a href=\"http:\/\/www.flurhof.com\/web\/wp-content\/uploads\/2014\/10\/Foto0364.jpg\" data-rel=\"lightbox-gallery-lAGwFQc4\" data-rl_title=\"\" data-rl_caption=\"\"><img loading=\"lazy\" decoding=\"async\" class=\"alignnone size-medium wp-image-8325\" title=\"\" src=\"http:\/\/www.flurhof.com\/web\/wp-content\/uploads\/2014\/10\/Foto0364-225x300.jpg\" alt=\"\" width=\"225\" height=\"300\" \/><\/a><\/p>\n<p>Otto kurz vor dem Sprung, das ist mal ein Trainer!<\/p>\n<p><a href=\"http:\/\/www.flurhof.com\/web\/wp-content\/uploads\/2014\/10\/Foto0378.jpg\" data-rel=\"lightbox-gallery-lAGwFQc4\" data-rl_title=\"\" data-rl_caption=\"\"><img loading=\"lazy\" decoding=\"async\" title=\"\" src=\"http:\/\/www.flurhof.com\/web\/wp-content\/uploads\/2014\/10\/Foto0378-225x300.jpg\" alt=\"\" width=\"225\" height=\"300\" \/><\/a><\/p>\n<p>Auch Hengste spuren bei Martina.<\/p>\n<p><a href=\"http:\/\/www.flurhof.com\/web\/wp-content\/uploads\/2014\/10\/Foto0380.jpg\" data-rel=\"lightbox-gallery-lAGwFQc4\" data-rl_title=\"\" data-rl_caption=\"\"><img loading=\"lazy\" decoding=\"async\" class=\"alignnone size-medium wp-image-8331\" title=\"\" src=\"http:\/\/www.flurhof.com\/web\/wp-content\/uploads\/2014\/10\/Foto0380-300x225.jpg\" alt=\"\" width=\"300\" height=\"225\" \/><\/a><\/p>\n<p>2 bzw 4, denen es im Gel\u00e4nde nicht schnell genug gehen kann.<\/p>\n<p><a href=\"http:\/\/www.flurhof.com\/web\/wp-content\/uploads\/2014\/10\/Foto0365.jpg\" data-rel=\"lightbox-gallery-lAGwFQc4\" data-rl_title=\"\" data-rl_caption=\"\"><img loading=\"lazy\" decoding=\"async\" class=\"alignnone size-medium wp-image-8326\" title=\"\" src=\"http:\/\/www.flurhof.com\/web\/wp-content\/uploads\/2014\/10\/Foto0365-225x300.jpg\" alt=\"\" width=\"225\" height=\"300\" \/><\/a><\/p>\n<p>Schmusestunde&#8230;..<\/p>\n<p><a href=\"http:\/\/www.flurhof.com\/web\/wp-content\/uploads\/2014\/10\/IMG_9751.jpg\" data-rel=\"lightbox-gallery-lAGwFQc4\" data-rl_title=\"\" data-rl_caption=\"\"><img loading=\"lazy\" decoding=\"async\" title=\"\" src=\"http:\/\/www.flurhof.com\/web\/wp-content\/uploads\/2014\/10\/IMG_9751-300x225.jpg\" alt=\"\" width=\"300\" height=\"225\" \/><\/a><\/p>\n<p>Schmusestunde? Neeeein, Kino zu 8.<\/p>\n<p><a href=\"http:\/\/www.flurhof.com\/web\/wp-content\/uploads\/2014\/10\/Foto0371.jpg\" data-rel=\"lightbox-gallery-lAGwFQc4\" data-rl_title=\"\" data-rl_caption=\"\"><img loading=\"lazy\" decoding=\"async\" class=\"alignnone size-medium wp-image-8328\" title=\"\" src=\"http:\/\/www.flurhof.com\/web\/wp-content\/uploads\/2014\/10\/Foto0371-300x225.jpg\" alt=\"\" width=\"300\" height=\"225\" \/><\/a><\/p>\n<p>Die Parelli-Nachbarn gaben sich auch die Ehre.<\/p>\n<p><a href=\"http:\/\/www.flurhof.com\/web\/wp-content\/uploads\/2014\/10\/Foto0367.jpg\" data-rel=\"lightbox-gallery-lAGwFQc4\" data-rl_title=\"\" data-rl_caption=\"\"><img loading=\"lazy\" decoding=\"async\" class=\"alignnone size-medium wp-image-8327\" title=\"\" src=\"http:\/\/www.flurhof.com\/web\/wp-content\/uploads\/2014\/10\/Foto0367-300x225.jpg\" alt=\"\" width=\"300\" height=\"225\" \/><\/a><\/p>\n<p>Endlich Dani auch mal wieder dabei.<\/p>\n<p><a href=\"http:\/\/www.flurhof.com\/web\/wp-content\/uploads\/2014\/10\/WP_20141025_035.jpg\" data-rel=\"lightbox-gallery-lAGwFQc4\" data-rl_title=\"\" data-rl_caption=\"\"><img loading=\"lazy\" decoding=\"async\" class=\"alignnone size-medium wp-image-8322\" title=\"\" src=\"http:\/\/www.flurhof.com\/web\/wp-content\/uploads\/2014\/10\/WP_20141025_035-168x300.jpg\" alt=\"\" width=\"168\" height=\"300\" \/><\/a><\/p>\n<p>Herzig.<\/p>\n<p>&nbsp;<\/p>\n<p>&nbsp;<\/p>\n<p>&nbsp;<\/p>\n<p>&nbsp;<\/p>\n<p>&nbsp;<\/p>\n","protected":false},"excerpt":{"rendered":"<p>In den letzten Tagen war mal wieder einiges los am Flurhof &#8211; mit viel Motivation wurde geschuftet und geackert, gelacht und gefeiert was das Zeug h\u00e4lt&#8230; \ud83d\ude42 Cindy und Nicole machten sich am verl\u00e4ngerten Wochenende auf den Weg zum Hallenspring-Turnier in Sulgen, Reitsportzentrum Thurfeld. Begleitet wurden die beiden von Willy und Lara als Helferleins sowie [&hellip;]<\/p>\n","protected":false},"author":1,"featured_media":0,"comment_status":"closed","ping_status":"closed","sticky":false,"template":"","format":"standard","meta":{"_acf_changed":false,"footnotes":""},"categories":[6],"tags":[],"class_list":["post-8309","post","type-post","status-publish","format-standard","hentry","category-news-aktuelles"],"acf":[],"_links":{"self":[{"href":"https:\/\/flurhof.com\/index.php\/wp-json\/wp\/v2\/posts\/8309","targetHints":{"allow":["GET"]}}],"collection":[{"href":"https:\/\/flurhof.com\/index.php\/wp-json\/wp\/v2\/posts"}],"about":[{"href":"https:\/\/flurhof.com\/index.php\/wp-json\/wp\/v2\/types\/post"}],"author":[{"embeddable":true,"href":"https:\/\/flurhof.com\/index.php\/wp-json\/wp\/v2\/users\/1"}],"replies":[{"embeddable":true,"href":"https:\/\/flurhof.com\/index.php\/wp-json\/wp\/v2\/comments?post=8309"}],"version-history":[{"count":0,"href":"https:\/\/flurhof.com\/index.php\/wp-json\/wp\/v2\/posts\/8309\/revisions"}],"wp:attachment":[{"href":"https:\/\/flurhof.com\/index.php\/wp-json\/wp\/v2\/media?parent=8309"}],"wp:term":[{"taxonomy":"category","embeddable":true,"href":"https:\/\/flurhof.com\/index.php\/wp-json\/wp\/v2\/categories?post=8309"},{"taxonomy":"post_tag","embeddable":true,"href":"https:\/\/flurhof.com\/index.php\/wp-json\/wp\/v2\/tags?post=8309"}],"curies":[{"name":"wp","href":"https:\/\/api.w.org\/{rel}","templated":true}]}}