


{"id":7632,"date":"2014-06-09T17:21:04","date_gmt":"2014-06-09T17:21:04","guid":{"rendered":"http:\/\/www.flurhof.com\/web\/?p=7632"},"modified":"2014-06-09T17:21:04","modified_gmt":"2014-06-09T17:21:04","slug":"bregenz-pfingstturnier-vom-07-05-09-05-2014","status":"publish","type":"post","link":"https:\/\/flurhof.com\/index.php\/2014\/06\/09\/bregenz-pfingstturnier-vom-07-05-09-05-2014\/","title":{"rendered":"Bregenz Pfingstturnier vom 07.05.-09.05.2014"},"content":{"rendered":"<p>In Bregenz gab es dieses Wochenende allen Grund zu feiern.. und das nicht nur aufgrund der\u00a0 Siege und Platzierungen, die unsere Flurh\u00f6fler eritten haben&#8230; NEIN, denn auch zwei Geburtstags-Kinder durften sich feiern lassen.. unser Onkel Otto und unser Opa Udo wurden beide am Samstag 1 Jahr &#8222;weiser&#8220; \ud83d\ude09 \ud83d\ude09<\/p>\n<p>also ihr k\u00f6nnt euch denken in Bregenz war der B\u00e4r los.. und ich kann euch sagen, wir waren schon lange nicht mehr so zahlreich vertreten wie dieses Wochenende! Beinahe mitten in der Nacht (06.15 Uhr) \ud83d\ude42 d\u00fcste die erste Kolonne Richtung Bodensee! Unsere Fr\u00fchaufsteher zeigten alle samt tolle Runden und konnten eine menge Platzierungen mit nach Hause nehmen..<\/p>\n<p>F\u00fcr\u00a0 Nachwuchs ist also im Hause Flurhof zu Gen\u00fcge gesorgt..<\/p>\n<p>Bei tropischen Temperaturen setzten sich unsere Reiter auch in den nachfolgenden Pr\u00fcfungen ziemlich erfolgreich gegen das grosse Starterfeld durch..<\/p>\n<p>..soo, genug gequatscht!! ..kuckt euch selbst an, was so los war (WER; WO; MIT WEM) \ud83d\ude09<\/p>\n<p><a href=\"http:\/\/www.flurhof.com\/web\/wp-content\/uploads\/2014\/06\/DSC05363.jpg\" data-rel=\"lightbox-gallery-SNAi67kj\" data-rl_title=\"\" data-rl_caption=\"\"><img loading=\"lazy\" decoding=\"async\" class=\"alignnone size-medium wp-image-7645\" title=\"\" src=\"http:\/\/www.flurhof.com\/web\/wp-content\/uploads\/2014\/06\/DSC05363-300x200.jpg\" alt=\"\" width=\"300\" height=\"200\" \/><\/a><\/p>\n<p>der fr\u00fche Vogel f\u00e4ngt den Wurm.. dachten sich Celine, Nicole und unser Jacky<\/p>\n<p><a href=\"http:\/\/www.flurhof.com\/web\/wp-content\/uploads\/2014\/06\/DSC05365.jpg\" data-rel=\"lightbox-gallery-SNAi67kj\" data-rl_title=\"\" data-rl_caption=\"\"><img loading=\"lazy\" decoding=\"async\" class=\"alignnone size-medium wp-image-7646\" title=\"\" src=\"http:\/\/www.flurhof.com\/web\/wp-content\/uploads\/2014\/06\/DSC05365-200x300.jpg\" alt=\"\" width=\"200\" height=\"300\" \/><\/a><\/p>\n<p>souver\u00e4n ritt Joel mehrere Pferde \u00fcber die Parcours<\/p>\n<p><a href=\"http:\/\/www.flurhof.com\/web\/wp-content\/uploads\/2014\/06\/DSC05366.jpg\" data-rel=\"lightbox-gallery-SNAi67kj\" data-rl_title=\"\" data-rl_caption=\"\"><img loading=\"lazy\" decoding=\"async\" class=\"alignnone size-medium wp-image-7647\" title=\"\" src=\"http:\/\/www.flurhof.com\/web\/wp-content\/uploads\/2014\/06\/DSC05366-200x300.jpg\" alt=\"\" width=\"200\" height=\"300\" \/><\/a><\/p>\n<p>ein alt bew\u00e4hrtes Team: Joelle und Sisco!<\/p>\n<p><a href=\"http:\/\/www.flurhof.com\/web\/wp-content\/uploads\/2014\/06\/10431461_247402965457317_4272869901474025810_n.jpg\" data-rel=\"lightbox-gallery-SNAi67kj\" data-rl_title=\"\" data-rl_caption=\"\"><img loading=\"lazy\" decoding=\"async\" title=\"\" src=\"http:\/\/www.flurhof.com\/web\/wp-content\/uploads\/2014\/06\/10431461_247402965457317_4272869901474025810_n-300x225.jpg\" alt=\"\" width=\"300\" height=\"225\" \/><\/a><\/p>\n<p>Nati und Chivas auf Erfolgskurs<\/p>\n<p><a href=\"http:\/\/www.flurhof.com\/web\/wp-content\/uploads\/2014\/06\/DSC05381.jpg\" data-rel=\"lightbox-gallery-SNAi67kj\" data-rl_title=\"\" data-rl_caption=\"\"><img loading=\"lazy\" decoding=\"async\" title=\"\" src=\"http:\/\/www.flurhof.com\/web\/wp-content\/uploads\/2014\/06\/DSC05381-200x300.jpg\" alt=\"\" width=\"200\" height=\"300\" \/><\/a><\/p>\n<p>treue Fans&#8230;<\/p>\n<p><a href=\"http:\/\/www.flurhof.com\/web\/wp-content\/uploads\/2014\/06\/DSC05367.jpg\" data-rel=\"lightbox-gallery-SNAi67kj\" data-rl_title=\"\" data-rl_caption=\"\"><img loading=\"lazy\" decoding=\"async\" class=\"alignnone size-medium wp-image-7648\" title=\"\" src=\"http:\/\/www.flurhof.com\/web\/wp-content\/uploads\/2014\/06\/DSC05367-200x300.jpg\" alt=\"\" width=\"200\" height=\"300\" \/><\/a><\/p>\n<p>Delia freute sich \u00fcber einen Podestplatz und weitere tolle Platzierungen!<\/p>\n<p><a href=\"http:\/\/www.flurhof.com\/web\/wp-content\/uploads\/2014\/06\/DSC05399.jpg\" data-rel=\"lightbox-gallery-SNAi67kj\" data-rl_title=\"\" data-rl_caption=\"\"><img loading=\"lazy\" decoding=\"async\" class=\"alignnone size-medium wp-image-7653\" title=\"\" src=\"http:\/\/www.flurhof.com\/web\/wp-content\/uploads\/2014\/06\/DSC05399-300x200.jpg\" alt=\"\" width=\"300\" height=\"200\" \/><\/a><\/p>\n<p>Das R\u00e4tsel des Tages: Lagrazam und Kim oder Lagrazam und Eva???? \ud83d\ude42<\/p>\n<p><a href=\"http:\/\/www.flurhof.com\/web\/wp-content\/uploads\/2014\/06\/DSC05370.jpg\" data-rel=\"lightbox-gallery-SNAi67kj\" data-rl_title=\"\" data-rl_caption=\"\"><img loading=\"lazy\" decoding=\"async\" class=\"alignnone size-medium wp-image-7650\" title=\"\" src=\"http:\/\/www.flurhof.com\/web\/wp-content\/uploads\/2014\/06\/DSC05370-200x300.jpg\" alt=\"\" width=\"200\" height=\"300\" \/><\/a><\/p>\n<p>GUTE LAUNE bei den Reitern&#8230;<\/p>\n<p><a href=\"http:\/\/www.flurhof.com\/web\/wp-content\/uploads\/2014\/06\/DSC_0073.jpg\" data-rel=\"lightbox-gallery-SNAi67kj\" data-rl_title=\"\" data-rl_caption=\"\"><img loading=\"lazy\" decoding=\"async\" class=\"alignnone size-medium wp-image-7676\" title=\"\" src=\"http:\/\/www.flurhof.com\/web\/wp-content\/uploads\/2014\/06\/DSC_0073-300x201.jpg\" alt=\"\" width=\"300\" height=\"201\" \/><\/a><\/p>\n<p>&#8230;GUTE LAUNE, bei unserem Trainer<\/p>\n<p><a href=\"http:\/\/www.flurhof.com\/web\/wp-content\/uploads\/2014\/06\/DSC05369.jpg\" data-rel=\"lightbox-gallery-SNAi67kj\" data-rl_title=\"\" data-rl_caption=\"\"><img loading=\"lazy\" decoding=\"async\" class=\"alignnone size-medium wp-image-7649\" title=\"\" src=\"http:\/\/www.flurhof.com\/web\/wp-content\/uploads\/2014\/06\/DSC05369-200x300.jpg\" alt=\"\" width=\"200\" height=\"300\" \/><\/a><\/p>\n<p>und&#8230; GUTE LAUNE bei F\u00c4BI \ud83d\ude09<\/p>\n<p><a href=\"http:\/\/www.flurhof.com\/web\/wp-content\/uploads\/2014\/06\/DSC05446.jpg\" data-rel=\"lightbox-gallery-SNAi67kj\" data-rl_title=\"\" data-rl_caption=\"\"><img loading=\"lazy\" decoding=\"async\" class=\"alignnone size-medium wp-image-7655\" title=\"\" src=\"http:\/\/www.flurhof.com\/web\/wp-content\/uploads\/2014\/06\/DSC05446-300x200.jpg\" alt=\"\" width=\"300\" height=\"200\" \/><\/a><\/p>\n<p>unser Dreamteam auf dem Weg zum 3. Rang im LM: Carola und Monti<\/p>\n<p><a href=\"http:\/\/www.flurhof.com\/web\/wp-content\/uploads\/2014\/06\/DSC05462.jpg\" data-rel=\"lightbox-gallery-SNAi67kj\" data-rl_title=\"\" data-rl_caption=\"\"><img loading=\"lazy\" decoding=\"async\" class=\"alignnone size-medium wp-image-7656\" title=\"\" src=\"http:\/\/www.flurhof.com\/web\/wp-content\/uploads\/2014\/06\/DSC05462-200x300.jpg\" alt=\"\" width=\"200\" height=\"300\" \/><\/a><\/p>\n<p>Hopp Schwiiz! Flurhof-Reiter J\u00f6ggi Haas 2.Rang im L Springen<\/p>\n<p><a href=\"http:\/\/www.flurhof.com\/web\/wp-content\/uploads\/2014\/06\/DSC05597.jpg\" data-rel=\"lightbox-gallery-SNAi67kj\" data-rl_title=\"\" data-rl_caption=\"\"><img loading=\"lazy\" decoding=\"async\" class=\"alignnone size-medium wp-image-7679\" title=\"\" src=\"http:\/\/www.flurhof.com\/web\/wp-content\/uploads\/2014\/06\/DSC05597-200x300.jpg\" alt=\"\" width=\"200\" height=\"300\" \/><\/a><\/p>\n<p>Rita und Carola konnten dem Flurhof-Paparazzi nicht entkommen \ud83d\ude42<\/p>\n<p><a href=\"http:\/\/www.flurhof.com\/web\/wp-content\/uploads\/2014\/06\/DSC05589.jpg\" data-rel=\"lightbox-gallery-SNAi67kj\" data-rl_title=\"\" data-rl_caption=\"\"><img loading=\"lazy\" decoding=\"async\" class=\"alignnone size-medium wp-image-7661\" title=\"\" src=\"http:\/\/www.flurhof.com\/web\/wp-content\/uploads\/2014\/06\/DSC05589-300x200.jpg\" alt=\"\" width=\"300\" height=\"200\" \/><\/a><\/p>\n<p>gemeinsamm sind wir NOCH st\u00e4rker :-)&#8230;<\/p>\n<p><a href=\"http:\/\/www.flurhof.com\/web\/wp-content\/uploads\/2014\/06\/DSC05509.jpg\" data-rel=\"lightbox-gallery-SNAi67kj\" data-rl_title=\"\" data-rl_caption=\"\"><img loading=\"lazy\" decoding=\"async\" class=\"alignnone size-medium wp-image-7657\" title=\"\" src=\"http:\/\/www.flurhof.com\/web\/wp-content\/uploads\/2014\/06\/DSC05509-300x200.jpg\" alt=\"\" width=\"300\" height=\"200\" \/><\/a><\/p>\n<p>&#8230;TEAM FLURHOF beim MANNSCHAFTS-SPRINGEN PLATZ 2 f\u00fcr Carola, Kati und Nicole<\/p>\n<p><a href=\"http:\/\/www.flurhof.com\/web\/wp-content\/uploads\/2014\/06\/DSC_0123.jpg\" data-rel=\"lightbox-gallery-SNAi67kj\" data-rl_title=\"\" data-rl_caption=\"\"><img loading=\"lazy\" decoding=\"async\" class=\"alignnone size-medium wp-image-7677\" title=\"\" src=\"http:\/\/www.flurhof.com\/web\/wp-content\/uploads\/2014\/06\/DSC_0123-300x201.jpg\" alt=\"\" width=\"300\" height=\"201\" \/><\/a><\/p>\n<p>Vanessa auf dem Weg zum Sieg im M-Springen<\/p>\n<p><a href=\"http:\/\/www.flurhof.com\/web\/wp-content\/uploads\/2014\/06\/DSC05388.jpg\" data-rel=\"lightbox-gallery-SNAi67kj\" data-rl_title=\"\" data-rl_caption=\"\"><img loading=\"lazy\" decoding=\"async\" class=\"alignnone size-medium wp-image-7652\" title=\"\" src=\"http:\/\/www.flurhof.com\/web\/wp-content\/uploads\/2014\/06\/DSC05388-300x200.jpg\" alt=\"\" width=\"300\" height=\"200\" \/><\/a><\/p>\n<p>unsere M\u00e4dchen.. \u00e4\u00e4\u00e4hhm, M\u00e4nner f\u00fcr alles.. schick in ORANGE \ud83d\ude42<\/p>\n<p><a href=\"http:\/\/www.flurhof.com\/web\/wp-content\/uploads\/2014\/06\/DSC05601.jpg\" data-rel=\"lightbox-gallery-SNAi67kj\" data-rl_title=\"\" data-rl_caption=\"\"><img loading=\"lazy\" decoding=\"async\" class=\"alignnone size-medium wp-image-7633\" title=\"\" src=\"http:\/\/www.flurhof.com\/web\/wp-content\/uploads\/2014\/06\/DSC05601-200x300.jpg\" alt=\"\" width=\"200\" height=\"300\" \/><\/a><\/p>\n<p>Fam. Hautle bewahrte stets einen k\u00fchlen Kopf und machte es sich im Schatten bequem..<\/p>\n<p><a href=\"http:\/\/www.flurhof.com\/web\/wp-content\/uploads\/2014\/06\/DSC05296.jpg\" data-rel=\"lightbox-gallery-SNAi67kj\" data-rl_title=\"\" data-rl_caption=\"\"><img loading=\"lazy\" decoding=\"async\" class=\"alignnone size-medium wp-image-7663\" title=\"\" src=\"http:\/\/www.flurhof.com\/web\/wp-content\/uploads\/2014\/06\/DSC05296-300x200.jpg\" alt=\"\" width=\"300\" height=\"200\" \/><\/a><\/p>\n<p>&#8222;einmal l\u00e4cheln, bitte&#8220; f\u00fcr die Flurhofkamera&#8230;<\/p>\n<p><a href=\"http:\/\/www.flurhof.com\/web\/wp-content\/uploads\/2014\/06\/DSC05288.jpg\" data-rel=\"lightbox-gallery-SNAi67kj\" data-rl_title=\"\" data-rl_caption=\"\"><img loading=\"lazy\" decoding=\"async\" class=\"alignnone size-medium wp-image-7670\" title=\"\" src=\"http:\/\/www.flurhof.com\/web\/wp-content\/uploads\/2014\/06\/DSC05288-200x300.jpg\" alt=\"\" width=\"200\" height=\"300\" \/><\/a><\/p>\n<p>Kati bekommt letzte Tipps von Marco bevor es los geht!<\/p>\n<p><a href=\"http:\/\/www.flurhof.com\/web\/wp-content\/uploads\/2014\/06\/DSC05306.jpg\" data-rel=\"lightbox-gallery-SNAi67kj\" data-rl_title=\"\" data-rl_caption=\"\"><img loading=\"lazy\" decoding=\"async\" class=\"alignnone size-medium wp-image-7671\" title=\"\" src=\"http:\/\/www.flurhof.com\/web\/wp-content\/uploads\/2014\/06\/DSC05306-200x300.jpg\" alt=\"\" width=\"200\" height=\"300\" \/><\/a><\/p>\n<p>Kilmorane war bei Joelle in besten H\u00e4nden<\/p>\n<p><a href=\"http:\/\/www.flurhof.com\/web\/wp-content\/uploads\/2014\/06\/DSC05577.jpg\" data-rel=\"lightbox-gallery-SNAi67kj\" data-rl_title=\"\" data-rl_caption=\"\"><img loading=\"lazy\" decoding=\"async\" class=\"alignnone size-medium wp-image-7669\" title=\"\" src=\"http:\/\/www.flurhof.com\/web\/wp-content\/uploads\/2014\/06\/DSC05577-300x200.jpg\" alt=\"\" width=\"300\" height=\"200\" \/><\/a><\/p>\n<p>Chef-Pfleger Andy bei der Arbeit \ud83d\ude42<\/p>\n<p><a href=\"http:\/\/www.flurhof.com\/web\/wp-content\/uploads\/2014\/06\/DSC05559.jpg\" data-rel=\"lightbox-gallery-SNAi67kj\" data-rl_title=\"\" data-rl_caption=\"\"><img loading=\"lazy\" decoding=\"async\" class=\"alignnone size-medium wp-image-7674\" title=\"\" src=\"http:\/\/www.flurhof.com\/web\/wp-content\/uploads\/2014\/06\/DSC05559-300x200.jpg\" alt=\"\" width=\"300\" height=\"200\" \/><\/a><\/p>\n<p>Adi bevorzugte etwas mehr als 1 PS \ud83d\ude42<\/p>\n<p><a href=\"http:\/\/www.flurhof.com\/web\/wp-content\/uploads\/2014\/06\/DSC05424.jpg\" data-rel=\"lightbox-gallery-SNAi67kj\" data-rl_title=\"\" data-rl_caption=\"\"><img loading=\"lazy\" decoding=\"async\" class=\"alignnone size-medium wp-image-7673\" title=\"\" src=\"http:\/\/www.flurhof.com\/web\/wp-content\/uploads\/2014\/06\/DSC05424-300x200.jpg\" alt=\"\" width=\"300\" height=\"200\" \/><\/a><\/p>\n<p>unser LKW l\u00e4sst die M\u00e4nnerherzen h\u00f6her schlagen!!!<\/p>\n<p><a href=\"http:\/\/www.flurhof.com\/web\/wp-content\/uploads\/2014\/06\/DSC05298.jpg\" data-rel=\"lightbox-gallery-SNAi67kj\" data-rl_title=\"\" data-rl_caption=\"\"><img loading=\"lazy\" decoding=\"async\" class=\"alignnone size-medium wp-image-7635\" title=\"\" src=\"http:\/\/www.flurhof.com\/web\/wp-content\/uploads\/2014\/06\/DSC05298-200x300.jpg\" alt=\"\" width=\"200\" height=\"300\" \/><\/a><\/p>\n<p>Busenfreund Rob war in Bregenz ebenfalls anzutreffen!!<\/p>\n<p><a href=\"http:\/\/www.flurhof.com\/web\/wp-content\/uploads\/2014\/06\/DSC05300.jpg\" data-rel=\"lightbox-gallery-SNAi67kj\" data-rl_title=\"\" data-rl_caption=\"\"><img loading=\"lazy\" decoding=\"async\" class=\"alignnone size-medium wp-image-7636\" title=\"\" src=\"http:\/\/www.flurhof.com\/web\/wp-content\/uploads\/2014\/06\/DSC05300-300x200.jpg\" alt=\"\" width=\"300\" height=\"200\" \/><\/a><\/p>\n<p>&#8222;36 Grad und es wird noch heisser&#8220; \ud83d\ude09<\/p>\n<p><a href=\"http:\/\/www.flurhof.com\/web\/wp-content\/uploads\/2014\/06\/DSC05292.jpg\" data-rel=\"lightbox-gallery-SNAi67kj\" data-rl_title=\"\" data-rl_caption=\"\"><img loading=\"lazy\" decoding=\"async\" title=\"\" src=\"http:\/\/www.flurhof.com\/web\/wp-content\/uploads\/2014\/06\/DSC05292-300x200.jpg\" alt=\"\" width=\"300\" height=\"200\" \/><\/a><\/p>\n<p>Fam. Hautle hielt die Stellung und dr\u00fcckten unserem Team durchgehend die Daumen!<\/p>\n<p><a href=\"http:\/\/www.flurhof.com\/web\/wp-content\/uploads\/2014\/06\/DSC05311.jpg\" data-rel=\"lightbox-gallery-SNAi67kj\" data-rl_title=\"\" data-rl_caption=\"\"><img loading=\"lazy\" decoding=\"async\" class=\"alignnone size-medium wp-image-7638\" title=\"\" src=\"http:\/\/www.flurhof.com\/web\/wp-content\/uploads\/2014\/06\/DSC05311-200x300.jpg\" alt=\"\" width=\"200\" height=\"300\" \/><\/a><\/p>\n<p>Lagebesprechung; Carola und Roli<\/p>\n<p><a href=\"http:\/\/www.flurhof.com\/web\/wp-content\/uploads\/2014\/06\/DSC05320.jpg\" data-rel=\"lightbox-gallery-SNAi67kj\" data-rl_title=\"\" data-rl_caption=\"\"><img loading=\"lazy\" decoding=\"async\" class=\"alignnone size-medium wp-image-7640\" title=\"\" src=\"http:\/\/www.flurhof.com\/web\/wp-content\/uploads\/2014\/06\/DSC05320-200x300.jpg\" alt=\"\" width=\"200\" height=\"300\" \/><\/a><a href=\"http:\/\/www.flurhof.com\/web\/wp-content\/uploads\/2014\/06\/DSC05325.jpg\" data-rel=\"lightbox-gallery-SNAi67kj\" data-rl_title=\"\" data-rl_caption=\"\" title=\"\"><\/a><\/p>\n<p>Ottos Reitsch\u00fcler treffen sich in der Siegerehrung&#8230; Zufall??? Kati und Petra Bereuter<\/p>\n<p><a href=\"http:\/\/www.flurhof.com\/web\/wp-content\/uploads\/2014\/06\/DSC05320.jpg\" data-rel=\"lightbox-gallery-SNAi67kj\" data-rl_title=\"\" data-rl_caption=\"\" title=\"\"><\/a><a href=\"http:\/\/www.flurhof.com\/web\/wp-content\/uploads\/2014\/06\/DSC05325.jpg\" data-rel=\"lightbox-gallery-SNAi67kj\" data-rl_title=\"\" data-rl_caption=\"\"><img loading=\"lazy\" decoding=\"async\" class=\"alignnone size-medium wp-image-7641\" title=\"\" src=\"http:\/\/www.flurhof.com\/web\/wp-content\/uploads\/2014\/06\/DSC05325-300x200.jpg\" alt=\"\" width=\"300\" height=\"200\" \/><\/a><\/p>\n<p>unsere treuen Fans-von fr\u00fchmorgens 08.00 uhr bis abends 21.00 uhr-stets an der Front!!!<\/p>\n<p><a href=\"http:\/\/www.flurhof.com\/web\/wp-content\/uploads\/2014\/06\/DSC05354.jpg\" data-rel=\"lightbox-gallery-SNAi67kj\" data-rl_title=\"\" data-rl_caption=\"\"><img loading=\"lazy\" decoding=\"async\" class=\"alignnone size-medium wp-image-7642\" title=\"\" src=\"http:\/\/www.flurhof.com\/web\/wp-content\/uploads\/2014\/06\/DSC05354-300x200.jpg\" alt=\"\" width=\"300\" height=\"200\" \/><\/a><\/p>\n<p>M\u00e4dels Runde&#8230;<\/p>\n<p><a href=\"http:\/\/www.flurhof.com\/web\/wp-content\/uploads\/2014\/06\/DSC05361.jpg\" data-rel=\"lightbox-gallery-SNAi67kj\" data-rl_title=\"\" data-rl_caption=\"\"><img loading=\"lazy\" decoding=\"async\" class=\"alignnone size-medium wp-image-7643\" title=\"\" src=\"http:\/\/www.flurhof.com\/web\/wp-content\/uploads\/2014\/06\/DSC05361-300x200.jpg\" alt=\"\" width=\"300\" height=\"200\" \/><\/a><\/p>\n<p>SIEG f\u00fcr Nicole und Charlotte!!<\/p>\n<p><a href=\"http:\/\/www.flurhof.com\/web\/wp-content\/uploads\/2014\/06\/DSC05362.jpg\" data-rel=\"lightbox-gallery-SNAi67kj\" data-rl_title=\"\" data-rl_caption=\"\"><img loading=\"lazy\" decoding=\"async\" class=\"alignnone size-medium wp-image-7644\" title=\"\" src=\"http:\/\/www.flurhof.com\/web\/wp-content\/uploads\/2014\/06\/DSC05362-300x200.jpg\" alt=\"\" width=\"300\" height=\"200\" \/><\/a><\/p>\n<p>Vera \u00fcbernahm das mit dem Kontakte pflegen..<\/p>\n<p><a href=\"http:\/\/www.flurhof.com\/web\/wp-content\/uploads\/2014\/06\/DSC05529.jpg\" data-rel=\"lightbox-gallery-SNAi67kj\" data-rl_title=\"\" data-rl_caption=\"\"><img loading=\"lazy\" decoding=\"async\" class=\"alignnone size-medium wp-image-7658\" title=\"\" src=\"http:\/\/www.flurhof.com\/web\/wp-content\/uploads\/2014\/06\/DSC05529-300x200.jpg\" alt=\"\" width=\"300\" height=\"200\" \/><\/a><\/p>\n<p>PEACE- Bodo!!<\/p>\n<p><a href=\"http:\/\/www.flurhof.com\/web\/wp-content\/uploads\/2014\/06\/DSC05573.jpg\" data-rel=\"lightbox-gallery-SNAi67kj\" data-rl_title=\"\" data-rl_caption=\"\"><img loading=\"lazy\" decoding=\"async\" class=\"alignnone size-medium wp-image-7660\" title=\"\" src=\"http:\/\/www.flurhof.com\/web\/wp-content\/uploads\/2014\/06\/DSC05573-300x200.jpg\" alt=\"\" width=\"300\" height=\"200\" \/><\/a><\/p>\n<p>Immer Full-House an den zwei Flurhoftischen!!<\/p>\n<p><a href=\"http:\/\/www.flurhof.com\/web\/wp-content\/uploads\/2014\/06\/DSC05421.jpg\" data-rel=\"lightbox-gallery-SNAi67kj\" data-rl_title=\"\" data-rl_caption=\"\"><img loading=\"lazy\" decoding=\"async\" class=\"alignnone size-medium wp-image-7654\" title=\"\" src=\"http:\/\/www.flurhof.com\/web\/wp-content\/uploads\/2014\/06\/DSC05421-300x200.jpg\" alt=\"\" width=\"300\" height=\"200\" \/><\/a><\/p>\n<p>Unsere Fahrer hatten wohl Stress Pur \ud83d\ude09<\/p>\n<p><a href=\"http:\/\/www.flurhof.com\/web\/wp-content\/uploads\/2014\/06\/DSC05557.jpg\" data-rel=\"lightbox-gallery-SNAi67kj\" data-rl_title=\"\" data-rl_caption=\"\"><img loading=\"lazy\" decoding=\"async\" class=\"alignnone size-medium wp-image-7659\" title=\"\" src=\"http:\/\/www.flurhof.com\/web\/wp-content\/uploads\/2014\/06\/DSC05557-300x200.jpg\" alt=\"\" width=\"300\" height=\"200\" \/><\/a><\/p>\n<p>So geht ein anstrengendes Wochenende zu Ende.. jetzt ist entspannen angesagt!!<\/p>\n<p>&nbsp;<\/p>\n","protected":false},"excerpt":{"rendered":"<p>In Bregenz gab es dieses Wochenende allen Grund zu feiern.. und das nicht nur aufgrund der\u00a0 Siege und Platzierungen, die unsere Flurh\u00f6fler eritten haben&#8230; NEIN, denn auch zwei Geburtstags-Kinder durften sich feiern lassen.. unser Onkel Otto und unser Opa Udo wurden beide am Samstag 1 Jahr &#8222;weiser&#8220; \ud83d\ude09 \ud83d\ude09 also ihr k\u00f6nnt euch denken in [&hellip;]<\/p>\n","protected":false},"author":1,"featured_media":0,"comment_status":"closed","ping_status":"closed","sticky":false,"template":"","format":"standard","meta":{"_acf_changed":false,"footnotes":""},"categories":[6],"tags":[],"class_list":["post-7632","post","type-post","status-publish","format-standard","hentry","category-news-aktuelles"],"acf":[],"_links":{"self":[{"href":"https:\/\/flurhof.com\/index.php\/wp-json\/wp\/v2\/posts\/7632","targetHints":{"allow":["GET"]}}],"collection":[{"href":"https:\/\/flurhof.com\/index.php\/wp-json\/wp\/v2\/posts"}],"about":[{"href":"https:\/\/flurhof.com\/index.php\/wp-json\/wp\/v2\/types\/post"}],"author":[{"embeddable":true,"href":"https:\/\/flurhof.com\/index.php\/wp-json\/wp\/v2\/users\/1"}],"replies":[{"embeddable":true,"href":"https:\/\/flurhof.com\/index.php\/wp-json\/wp\/v2\/comments?post=7632"}],"version-history":[{"count":0,"href":"https:\/\/flurhof.com\/index.php\/wp-json\/wp\/v2\/posts\/7632\/revisions"}],"wp:attachment":[{"href":"https:\/\/flurhof.com\/index.php\/wp-json\/wp\/v2\/media?parent=7632"}],"wp:term":[{"taxonomy":"category","embeddable":true,"href":"https:\/\/flurhof.com\/index.php\/wp-json\/wp\/v2\/categories?post=7632"},{"taxonomy":"post_tag","embeddable":true,"href":"https:\/\/flurhof.com\/index.php\/wp-json\/wp\/v2\/tags?post=7632"}],"curies":[{"name":"wp","href":"https:\/\/api.w.org\/{rel}","templated":true}]}}