


{"id":738,"date":"2009-06-03T16:17:38","date_gmt":"2009-06-03T15:17:38","guid":{"rendered":"http:\/\/www.flurhof.com\/site\/?p=738"},"modified":"2009-06-03T16:17:38","modified_gmt":"2009-06-03T15:17:38","slug":"pfingstturnier-in-bregenz","status":"publish","type":"post","link":"https:\/\/flurhof.com\/index.php\/2009\/06\/03\/pfingstturnier-in-bregenz\/","title":{"rendered":"Pfingstturnier in Bregenz"},"content":{"rendered":"<p>Dieses Wochenende waren die Flurh\u00f6fler wieder einmal in Bregenz anzutreffen.<\/p>\n<p>DER SIEBEN J\u00c4HRIGE <strong>WIRBELWIND <\/strong>ERREICHTE GLEICH BEI SEINEM DEB\u00dcT IM S DEN SUPER 2. PLATZ!!!!!!!!<\/p>\n<p><a href=\"http:\/\/www.flurhof.com\/site\/wp-content\/uploads\/2009\/06\/p1050171.jpg\" data-rel=\"lightbox-gallery-BKrsuArV\" data-rl_title=\"\" data-rl_caption=\"\"><img loading=\"lazy\" decoding=\"async\" class=\"alignnone size-medium wp-image-740\" title=\"\" src=\"http:\/\/www.flurhof.com\/site\/wp-content\/uploads\/2009\/06\/p1050171-360x202.jpg\" alt=\"\" width=\"360\" height=\"202\" \/><\/a><\/p>\n<p>Es war ein tolles, interessantes, lustiges und erfolgreiches Wochenende!<\/p>\n<p>Obwohl Otto und Carola beide gesundheitlich sehr angeschlagen waren,<\/p>\n<p><a href=\"http:\/\/www.flurhof.com\/site\/wp-content\/uploads\/2009\/06\/p1050118.jpg\" data-rel=\"lightbox-gallery-BKrsuArV\" data-rl_title=\"\" data-rl_caption=\"\"><img loading=\"lazy\" decoding=\"async\" class=\"alignnone size-medium wp-image-743\" title=\"\" src=\"http:\/\/www.flurhof.com\/site\/wp-content\/uploads\/2009\/06\/p1050118-360x202.jpg\" alt=\"\" width=\"360\" height=\"202\" \/><\/a><\/p>\n<p>erbrachten sie durch die tolle Betreuung und Mithilfe der TT&#8217;s Pipi, Sanja, Caroline und Andrea, die die Pferde schon fix fertig bereitstellten und abritten, super Leistungen.<\/p>\n<p><a href=\"http:\/\/www.flurhof.com\/site\/wp-content\/uploads\/2009\/06\/p1050189.jpg\" data-rel=\"lightbox-gallery-BKrsuArV\" data-rl_title=\"\" data-rl_caption=\"\"><img loading=\"lazy\" decoding=\"async\" class=\"alignnone size-medium wp-image-744\" title=\"\" src=\"http:\/\/www.flurhof.com\/site\/wp-content\/uploads\/2009\/06\/p1050189-135x240.jpg\" alt=\"\" width=\"135\" height=\"240\" \/><\/a><\/p>\n<p>Nicht nur als TT machte PIpi eine gute Figur, sondern auch selber als Reiterin von Alexis zeigte sie tolle Umg\u00e4nge.<\/p>\n<p><a href=\"http:\/\/www.flurhof.com\/site\/wp-content\/uploads\/2009\/06\/p1050122.jpg\" data-rel=\"lightbox-gallery-BKrsuArV\" data-rl_title=\"\" data-rl_caption=\"\"><img loading=\"lazy\" decoding=\"async\" class=\"alignnone size-medium wp-image-745\" title=\"\" src=\"http:\/\/www.flurhof.com\/site\/wp-content\/uploads\/2009\/06\/p1050122-135x240.jpg\" alt=\"\" width=\"135\" height=\"240\" \/><\/a><\/p>\n<p>Auch Julienne konnte mit tollen Leistungen und einem 2. Rang \u00fcberzeugen \ud83d\ude42<\/p>\n<p><a href=\"http:\/\/www.flurhof.com\/site\/wp-content\/uploads\/2009\/06\/p1050185.jpg\" data-rel=\"lightbox-gallery-BKrsuArV\" data-rl_title=\"\" data-rl_caption=\"\"><img loading=\"lazy\" decoding=\"async\" class=\"alignnone size-medium wp-image-746\" title=\"\" src=\"http:\/\/www.flurhof.com\/site\/wp-content\/uploads\/2009\/06\/p1050185-360x202.jpg\" alt=\"\" width=\"360\" height=\"202\" \/><\/a> bitte l\u00e4cheln \ud83d\ude42<\/p>\n<p><a href=\"http:\/\/www.flurhof.com\/site\/wp-content\/uploads\/2009\/06\/p1050117.jpg\" data-rel=\"lightbox-gallery-BKrsuArV\" data-rl_title=\"\" data-rl_caption=\"\"><img loading=\"lazy\" decoding=\"async\" class=\"alignnone size-medium wp-image-747\" title=\"\" src=\"http:\/\/www.flurhof.com\/site\/wp-content\/uploads\/2009\/06\/p1050117-135x240.jpg\" alt=\"\" width=\"135\" height=\"240\" \/><\/a> wen Silvia hier wohl so kritisch be\u00e4ugt??<\/p>\n<p><a href=\"http:\/\/www.flurhof.com\/site\/wp-content\/uploads\/2009\/06\/p1050116.jpg\" data-rel=\"lightbox-gallery-BKrsuArV\" data-rl_title=\"\" data-rl_caption=\"\"><img loading=\"lazy\" decoding=\"async\" class=\"alignnone size-medium wp-image-748\" title=\"\" src=\"http:\/\/www.flurhof.com\/site\/wp-content\/uploads\/2009\/06\/p1050116-360x202.jpg\" alt=\"\" width=\"360\" height=\"202\" \/><\/a><\/p>\n<p>kurze Pause, um f\u00fcr die n\u00e4chste Runde Kraft zu tanken&#8230;..<\/p>\n<p><a href=\"http:\/\/www.flurhof.com\/site\/wp-content\/uploads\/2009\/06\/p1050002.jpg\" data-rel=\"lightbox-gallery-BKrsuArV\" data-rl_title=\"\" data-rl_caption=\"\"><img loading=\"lazy\" decoding=\"async\" class=\"alignnone size-medium wp-image-750\" title=\"\" src=\"http:\/\/www.flurhof.com\/site\/wp-content\/uploads\/2009\/06\/p1050002-360x202.jpg\" alt=\"\" width=\"360\" height=\"202\" \/><\/a><\/p>\n<p>.. bevor man sich wieder ins Geschehen st\u00fcrzte&#8230;.<\/p>\n<p><a href=\"http:\/\/www.flurhof.com\/site\/wp-content\/uploads\/2009\/06\/p1050007.jpg\" data-rel=\"lightbox-gallery-BKrsuArV\" data-rl_title=\"\" data-rl_caption=\"\"><img loading=\"lazy\" decoding=\"async\" class=\"alignnone size-medium wp-image-751\" title=\"\" src=\"http:\/\/www.flurhof.com\/site\/wp-content\/uploads\/2009\/06\/p1050007-135x240.jpg\" alt=\"\" width=\"135\" height=\"240\" \/><\/a><\/p>\n<p>&#8230; und Celine unter kritischen Blicken nach der langen Verletzungspause endlich ihr Comeback geben konnte \ud83d\ude42<\/p>\n<p><a href=\"http:\/\/www.flurhof.com\/site\/wp-content\/uploads\/2009\/06\/p1050155.jpg\" data-rel=\"lightbox-gallery-BKrsuArV\" data-rl_title=\"\" data-rl_caption=\"\"><img loading=\"lazy\" decoding=\"async\" class=\"alignnone size-medium wp-image-752\" title=\"\" src=\"http:\/\/www.flurhof.com\/site\/wp-content\/uploads\/2009\/06\/p1050155-135x240.jpg\" alt=\"\" width=\"135\" height=\"240\" \/><\/a><\/p>\n<p>den ge\u00fcbten Augen unseres Flurhofoberhauptes entging nichts \ud83d\ude42<\/p>\n<p><a href=\"http:\/\/www.flurhof.com\/site\/wp-content\/uploads\/2009\/06\/p1050152.jpg\" data-rel=\"lightbox-gallery-BKrsuArV\" data-rl_title=\"\" data-rl_caption=\"\"><img loading=\"lazy\" decoding=\"async\" class=\"alignnone size-medium wp-image-753\" title=\"\" src=\"http:\/\/www.flurhof.com\/site\/wp-content\/uploads\/2009\/06\/p1050152-135x240.jpg\" alt=\"\" width=\"135\" height=\"240\" \/><\/a><\/p>\n<p>trotz Stress, Rumrennerei und jeder Menge Arbeit, blieb noch Zeit um Freundschaften zu pflegen&#8230;<\/p>\n<p><a href=\"http:\/\/www.flurhof.com\/site\/wp-content\/uploads\/2009\/06\/p1050040.jpg\" data-rel=\"lightbox-gallery-BKrsuArV\" data-rl_title=\"\" data-rl_caption=\"\"><img loading=\"lazy\" decoding=\"async\" class=\"alignnone size-medium wp-image-754\" title=\"\" src=\"http:\/\/www.flurhof.com\/site\/wp-content\/uploads\/2009\/06\/p1050040-360x202.jpg\" alt=\"\" width=\"360\" height=\"202\" \/><\/a><\/p>\n<p>&#8230; und die tolle Stimmung zu geniessen \ud83d\ude42<\/p>\n<p><a href=\"http:\/\/www.flurhof.com\/site\/wp-content\/uploads\/2009\/06\/p1050024.jpg\" data-rel=\"lightbox-gallery-BKrsuArV\" data-rl_title=\"\" data-rl_caption=\"\"><img loading=\"lazy\" decoding=\"async\" class=\"alignnone size-medium wp-image-755\" title=\"\" src=\"http:\/\/www.flurhof.com\/site\/wp-content\/uploads\/2009\/06\/p1050024-135x240.jpg\" alt=\"\" width=\"135\" height=\"240\" \/><\/a> das lange und intensive Wochenende machte sich schlussendlich jedoch bei allen Teilnehmenden bemerkbar \ud83d\ude42 oder warum werden hier die F\u00fcsse wohl so von sich gestreckt????<\/p>\n<p>Wir freuen uns schon auf das n\u00e4chste Turnierwochenende und sind gespannt, was es wohl mit sich bringen wird!!!!<\/p>\n","protected":false},"excerpt":{"rendered":"<p>Dieses Wochenende waren die Flurh\u00f6fler wieder einmal in Bregenz anzutreffen. DER SIEBEN J\u00c4HRIGE WIRBELWIND ERREICHTE GLEICH BEI SEINEM DEB\u00dcT IM S DEN SUPER 2. PLATZ!!!!!!!! Es war ein tolles, interessantes, lustiges und erfolgreiches Wochenende! Obwohl Otto und Carola beide gesundheitlich sehr angeschlagen waren, erbrachten sie durch die tolle Betreuung und Mithilfe der TT&#8217;s Pipi, Sanja, [&hellip;]<\/p>\n","protected":false},"author":1,"featured_media":0,"comment_status":"open","ping_status":"closed","sticky":false,"template":"","format":"standard","meta":{"_acf_changed":false,"footnotes":""},"categories":[6],"tags":[],"class_list":["post-738","post","type-post","status-publish","format-standard","hentry","category-news-aktuelles"],"acf":[],"_links":{"self":[{"href":"https:\/\/flurhof.com\/index.php\/wp-json\/wp\/v2\/posts\/738","targetHints":{"allow":["GET"]}}],"collection":[{"href":"https:\/\/flurhof.com\/index.php\/wp-json\/wp\/v2\/posts"}],"about":[{"href":"https:\/\/flurhof.com\/index.php\/wp-json\/wp\/v2\/types\/post"}],"author":[{"embeddable":true,"href":"https:\/\/flurhof.com\/index.php\/wp-json\/wp\/v2\/users\/1"}],"replies":[{"embeddable":true,"href":"https:\/\/flurhof.com\/index.php\/wp-json\/wp\/v2\/comments?post=738"}],"version-history":[{"count":0,"href":"https:\/\/flurhof.com\/index.php\/wp-json\/wp\/v2\/posts\/738\/revisions"}],"wp:attachment":[{"href":"https:\/\/flurhof.com\/index.php\/wp-json\/wp\/v2\/media?parent=738"}],"wp:term":[{"taxonomy":"category","embeddable":true,"href":"https:\/\/flurhof.com\/index.php\/wp-json\/wp\/v2\/categories?post=738"},{"taxonomy":"post_tag","embeddable":true,"href":"https:\/\/flurhof.com\/index.php\/wp-json\/wp\/v2\/tags?post=738"}],"curies":[{"name":"wp","href":"https:\/\/api.w.org\/{rel}","templated":true}]}}