


{"id":615,"date":"2009-04-05T13:01:48","date_gmt":"2009-04-05T12:01:48","guid":{"rendered":"http:\/\/www.flurhof.com\/site\/?p=615"},"modified":"2009-04-05T13:01:48","modified_gmt":"2009-04-05T12:01:48","slug":"reitturnier-offa-2-3-april-09","status":"publish","type":"post","link":"https:\/\/flurhof.com\/index.php\/2009\/04\/05\/reitturnier-offa-2-3-april-09\/","title":{"rendered":"Reitturnier OFFA 2.-3. April 09 und B\u00fclach 4. April 09"},"content":{"rendered":"<p>Ein neues Wochenende, die Rollen neu vertauscht&#8230; W\u00e4hrend sich Willy, Silvia, Esther und Eugen in Mellau im Hotel Sonne nach Strich und Faden verw\u00f6hnen lassen, halten die letzten Wellnessausfl\u00fcgler die Stellung auf dem Flurhof&#8230;<\/p>\n<p>Am Donnerstag fuhren Carola und Margaux mit dem TT Eva und Chauffeur Otto nach St. Gallen an die OFFA. Carola startete mit Antigua und Blondi und konnte sich mit beiden Pferden platzieren. Margaux zeigte auch zwei sehr ansprechende Runden!!<\/p>\n<p><a href=\"http:\/\/www.flurhof.com\/site\/wp-content\/uploads\/2009\/04\/p1040153.jpg\" data-rel=\"lightbox-gallery-e76DskZy\" data-rl_title=\"\" data-rl_caption=\"\"><img loading=\"lazy\" decoding=\"async\" class=\"alignnone size-medium wp-image-620\" title=\"\" src=\"http:\/\/www.flurhof.com\/site\/wp-content\/uploads\/2009\/04\/p1040153-360x202.jpg\" alt=\"\" width=\"360\" height=\"202\" \/><\/a> Carola und Eva mit Antigua<\/p>\n<p><a href=\"http:\/\/www.flurhof.com\/site\/wp-content\/uploads\/2009\/04\/p1040185.jpg\" data-rel=\"lightbox-gallery-e76DskZy\" data-rl_title=\"\" data-rl_caption=\"\"><img loading=\"lazy\" decoding=\"async\" class=\"alignnone size-medium wp-image-621\" title=\"\" src=\"http:\/\/www.flurhof.com\/site\/wp-content\/uploads\/2009\/04\/p1040185-360x202.jpg\" alt=\"\" width=\"360\" height=\"202\" \/><\/a> unsere M\u00e4dels in bester Laune \ud83d\ude42<\/p>\n<p><a href=\"http:\/\/www.flurhof.com\/site\/wp-content\/uploads\/2009\/04\/p1040189.jpg\" data-rel=\"lightbox-gallery-e76DskZy\" data-rl_title=\"\" data-rl_caption=\"\"><img loading=\"lazy\" decoding=\"async\" class=\"alignnone size-medium wp-image-622\" title=\"\" src=\"http:\/\/www.flurhof.com\/site\/wp-content\/uploads\/2009\/04\/p1040189-135x240.jpg\" alt=\"\" width=\"135\" height=\"240\" \/><\/a> Otto f\u00fchlt sich sichtlich wohl als Hahn im Korb \ud83d\ude42<\/p>\n<p>Am Freitag stieg Carola nicht wie \u00fcblich in die Reithosen, sondern amtete stilvoll als Trauzeugin in Werdenberg auf der Hochzeit von Kurt und Birgit.<\/p>\n<p>Zur selben Zeit machte sich Otto mit den Pferden Wirbelwind, Loradus und Cilot nochmals auf nach St. Gallen. Begleitet wurde er von Margaux und Sanja.<\/p>\n<p><a href=\"http:\/\/www.flurhof.com\/site\/wp-content\/uploads\/2009\/04\/p1040253.jpg\" data-rel=\"lightbox-gallery-e76DskZy\" data-rl_title=\"\" data-rl_caption=\"\"><img loading=\"lazy\" decoding=\"async\" class=\"alignnone size-medium wp-image-623\" title=\"\" src=\"http:\/\/www.flurhof.com\/site\/wp-content\/uploads\/2009\/04\/p1040253-180x240.jpg\" alt=\"\" width=\"180\" height=\"240\" \/><\/a> Fr\u00fchlingsgef\u00fchle???<\/p>\n<p>Die Beute war gross \ud83d\ude42 <strong>OTTO IST OFFA-MEISTER 2009!!!!!!!!!!!!!!!!!!!!!<\/strong> Er gewann mit allen Pferden die jeweilige Pr\u00fcfung und platzierte sich zus\u00e4tzlich stets auf den vorderen R\u00e4ngen.<\/p>\n<p><a href=\"http:\/\/www.flurhof.com\/site\/wp-content\/uploads\/2009\/04\/p1040277.jpg\" data-rel=\"lightbox-gallery-e76DskZy\" data-rl_title=\"\" data-rl_caption=\"\"><img loading=\"lazy\" decoding=\"async\" class=\"alignnone size-medium wp-image-624\" title=\"\" src=\"http:\/\/www.flurhof.com\/site\/wp-content\/uploads\/2009\/04\/p1040277-320x240.jpg\" alt=\"\" width=\"320\" height=\"240\" \/><\/a><\/p>\n<p><a href=\"http:\/\/www.flurhof.com\/site\/wp-content\/uploads\/2009\/04\/p1040279.jpg\" data-rel=\"lightbox-gallery-e76DskZy\" data-rl_title=\"\" data-rl_caption=\"\"><img loading=\"lazy\" decoding=\"async\" class=\"alignnone size-medium wp-image-625\" title=\"\" src=\"http:\/\/www.flurhof.com\/site\/wp-content\/uploads\/2009\/04\/p1040279-180x240.jpg\" alt=\"\" width=\"180\" height=\"240\" \/><\/a> <a href=\"http:\/\/www.flurhof.com\/site\/wp-content\/uploads\/2009\/04\/p1040280.jpg\" data-rel=\"lightbox-gallery-e76DskZy\" data-rl_title=\"\" data-rl_caption=\"\"><img loading=\"lazy\" decoding=\"async\" class=\"alignnone size-medium wp-image-626\" title=\"\" src=\"http:\/\/www.flurhof.com\/site\/wp-content\/uploads\/2009\/04\/p1040280-180x240.jpg\" alt=\"\" width=\"180\" height=\"240\" \/><\/a><\/p>\n<p>Anschliessend spurtete Otto nach Hause, warf sich in Schale und gesellte sich auch noch zur Hochzeitstruppe dazu, wo bis in die fr\u00fchen Morgenstunden gefeiert wurde.<\/p>\n<p><a href=\"http:\/\/www.flurhof.com\/site\/wp-content\/uploads\/2009\/04\/otto-und-carola.jpg\" data-rel=\"lightbox-gallery-e76DskZy\" data-rl_title=\"\" data-rl_caption=\"\"><img loading=\"lazy\" decoding=\"async\" class=\"alignnone size-medium wp-image-633\" title=\"\" src=\"http:\/\/www.flurhof.com\/site\/wp-content\/uploads\/2009\/04\/otto-und-carola-180x240.jpg\" alt=\"\" width=\"180\" height=\"240\" \/><\/a><\/p>\n<p>Am Samstag stand B\u00fclach auf dem Programm. Fit und munter, trotz einwenig Schlafmangel, wurde der Frack wieder gegen die gewohnten Reithosen getauscht und man machte sich auf den Weg nach B\u00fclach.<\/p>\n<p>Angespornt von den vorg\u00e4ngigen Tagen in St. Gallen, war das Team (zusammengesetzt aus Reiter Otto und TT&#8217;s Eva, Carola und Martina) in bester Laune.<\/p>\n<p><a href=\"http:\/\/www.flurhof.com\/site\/wp-content\/uploads\/2009\/04\/p1040297.jpg\" data-rel=\"lightbox-gallery-e76DskZy\" data-rl_title=\"\" data-rl_caption=\"\"><img loading=\"lazy\" decoding=\"async\" class=\"alignnone size-medium wp-image-627\" title=\"\" src=\"http:\/\/www.flurhof.com\/site\/wp-content\/uploads\/2009\/04\/p1040297-180x240.jpg\" alt=\"\" width=\"180\" height=\"240\" \/><\/a> 3 TT&#8217;s, aber der Chef muss selber arbeiten&#8230;???? Hilfe wo sind meine TT&#8217;s???<\/p>\n<p><a href=\"http:\/\/www.flurhof.com\/site\/wp-content\/uploads\/2009\/04\/p1040300.jpg\" data-rel=\"lightbox-gallery-e76DskZy\" data-rl_title=\"\" data-rl_caption=\"\"><img loading=\"lazy\" decoding=\"async\" class=\"alignnone size-medium wp-image-628\" title=\"\" src=\"http:\/\/www.flurhof.com\/site\/wp-content\/uploads\/2009\/04\/p1040300-180x240.jpg\" alt=\"\" width=\"180\" height=\"240\" \/><\/a> Wieder gefunden &#8222;hihi&#8220;<\/p>\n<p><a href=\"http:\/\/www.flurhof.com\/site\/wp-content\/uploads\/2009\/04\/p1040305.jpg\" data-rel=\"lightbox-gallery-e76DskZy\" data-rl_title=\"\" data-rl_caption=\"\"><img loading=\"lazy\" decoding=\"async\" class=\"alignnone size-medium wp-image-629\" title=\"\" src=\"http:\/\/www.flurhof.com\/site\/wp-content\/uploads\/2009\/04\/p1040305-180x240.jpg\" alt=\"\" width=\"180\" height=\"240\" \/><\/a> die stolze Pflegemama \ud83d\ude42<\/p>\n<p><a href=\"http:\/\/www.flurhof.com\/site\/wp-content\/uploads\/2009\/04\/p1040307.jpg\" data-rel=\"lightbox-gallery-e76DskZy\" data-rl_title=\"\" data-rl_caption=\"\"><img loading=\"lazy\" decoding=\"async\" class=\"alignnone size-medium wp-image-630\" title=\"\" src=\"http:\/\/www.flurhof.com\/site\/wp-content\/uploads\/2009\/04\/p1040307-180x240.jpg\" alt=\"\" width=\"180\" height=\"240\" \/><\/a> gute Fotos machen will gelernt sein \ud83d\ude42 zum Gl\u00fcck ist Carola nicht unser Hauptpaparazzi &#8222;hihi&#8220;&#8230; mit der Treffsicherheit happerts noch ein wenig!<\/p>\n<p><a href=\"http:\/\/www.flurhof.com\/site\/wp-content\/uploads\/2009\/04\/p1040312.jpg\" data-rel=\"lightbox-gallery-e76DskZy\" data-rl_title=\"\" data-rl_caption=\"\"><img loading=\"lazy\" decoding=\"async\" class=\"alignnone size-medium wp-image-631\" title=\"\" src=\"http:\/\/www.flurhof.com\/site\/wp-content\/uploads\/2009\/04\/p1040312-180x240.jpg\" alt=\"\" width=\"180\" height=\"240\" \/><\/a> wieder mehr im Lande&#8230;<\/p>\n<p><a href=\"http:\/\/www.flurhof.com\/site\/wp-content\/uploads\/2009\/04\/p1040323.jpg\" data-rel=\"lightbox-gallery-e76DskZy\" data-rl_title=\"\" data-rl_caption=\"\"><img loading=\"lazy\" decoding=\"async\" class=\"alignnone size-medium wp-image-632\" title=\"\" src=\"http:\/\/www.flurhof.com\/site\/wp-content\/uploads\/2009\/04\/p1040323-180x240.jpg\" alt=\"\" width=\"180\" height=\"240\" \/><\/a> neue Freundschaften werden geschlossen&#8230;<\/p>\n<p><a href=\"http:\/\/www.flurhof.com\/site\/wp-content\/uploads\/2009\/04\/p1040319.jpg\" data-rel=\"lightbox-gallery-e76DskZy\" data-rl_title=\"\" data-rl_caption=\"\"><img loading=\"lazy\" decoding=\"async\" class=\"alignnone size-medium wp-image-634\" title=\"\" src=\"http:\/\/www.flurhof.com\/site\/wp-content\/uploads\/2009\/04\/p1040319-180x240.jpg\" alt=\"\" width=\"180\" height=\"240\" \/><\/a> <a href=\"http:\/\/www.flurhof.com\/site\/wp-content\/uploads\/2009\/04\/p1040333.jpg\" data-rel=\"lightbox-gallery-e76DskZy\" data-rl_title=\"\" data-rl_caption=\"\"><img loading=\"lazy\" decoding=\"async\" class=\"alignnone size-medium wp-image-636\" title=\"\" src=\"http:\/\/www.flurhof.com\/site\/wp-content\/uploads\/2009\/04\/p1040333-180x240.jpg\" alt=\"\" width=\"180\" height=\"240\" \/><\/a> wer spricht da wohl mit wem?? miteinander???<a href=\"http:\/\/www.flurhof.com\/site\/wp-content\/uploads\/2009\/04\/p1040341.jpg\" data-rel=\"lightbox-gallery-e76DskZy\" data-rl_title=\"\" data-rl_caption=\"\"><img loading=\"lazy\" decoding=\"async\" class=\"alignnone size-medium wp-image-638\" title=\"\" src=\"http:\/\/www.flurhof.com\/site\/wp-content\/uploads\/2009\/04\/p1040341-180x240.jpg\" alt=\"\" width=\"180\" height=\"240\" \/><\/a> Selbst ist der Mann, wenn der Hufschmied Feierabend hat \ud83d\ude42<\/p>\n<p><a href=\"http:\/\/www.flurhof.com\/site\/wp-content\/uploads\/2009\/04\/p1040336.jpg\" data-rel=\"lightbox-gallery-e76DskZy\" data-rl_title=\"\" data-rl_caption=\"\"><img loading=\"lazy\" decoding=\"async\" class=\"alignnone size-medium wp-image-637\" title=\"\" src=\"http:\/\/www.flurhof.com\/site\/wp-content\/uploads\/2009\/04\/p1040336-320x240.jpg\" alt=\"\" width=\"320\" height=\"240\" \/><\/a> auch die Konkurrenz wird zu Hilfe geholt<\/p>\n<p>Nach anf\u00e4nglichen Feinabstimmungsproblemen, zeigte sich Gogo Gadget im zweiten Parcour von seiner besten Seite. Mit Charlotte war Otto in den vorderen R\u00e4ngen platziert&#8230;.<\/p>\n<p>Somit ging ein sehr tolles, lustiges, spannendes, erfolgreiches Wochenende zu Ende. Am Sonntag war es seit langem wieder einmal sch\u00f6n friedlich und ruhig auf dem Flurhof und man hatte Zeit, Bekanntschaften zu pflegen, an der Sonne zu sitzen und Kaffee zu trinken \ud83d\ude42<\/p>\n","protected":false},"excerpt":{"rendered":"<p>Ein neues Wochenende, die Rollen neu vertauscht&#8230; W\u00e4hrend sich Willy, Silvia, Esther und Eugen in Mellau im Hotel Sonne nach Strich und Faden verw\u00f6hnen lassen, halten die letzten Wellnessausfl\u00fcgler die Stellung auf dem Flurhof&#8230; Am Donnerstag fuhren Carola und Margaux mit dem TT Eva und Chauffeur Otto nach St. Gallen an die OFFA. Carola startete [&hellip;]<\/p>\n","protected":false},"author":1,"featured_media":0,"comment_status":"open","ping_status":"closed","sticky":false,"template":"","format":"standard","meta":{"_acf_changed":false,"footnotes":""},"categories":[6],"tags":[],"class_list":["post-615","post","type-post","status-publish","format-standard","hentry","category-news-aktuelles"],"acf":[],"_links":{"self":[{"href":"https:\/\/flurhof.com\/index.php\/wp-json\/wp\/v2\/posts\/615","targetHints":{"allow":["GET"]}}],"collection":[{"href":"https:\/\/flurhof.com\/index.php\/wp-json\/wp\/v2\/posts"}],"about":[{"href":"https:\/\/flurhof.com\/index.php\/wp-json\/wp\/v2\/types\/post"}],"author":[{"embeddable":true,"href":"https:\/\/flurhof.com\/index.php\/wp-json\/wp\/v2\/users\/1"}],"replies":[{"embeddable":true,"href":"https:\/\/flurhof.com\/index.php\/wp-json\/wp\/v2\/comments?post=615"}],"version-history":[{"count":0,"href":"https:\/\/flurhof.com\/index.php\/wp-json\/wp\/v2\/posts\/615\/revisions"}],"wp:attachment":[{"href":"https:\/\/flurhof.com\/index.php\/wp-json\/wp\/v2\/media?parent=615"}],"wp:term":[{"taxonomy":"category","embeddable":true,"href":"https:\/\/flurhof.com\/index.php\/wp-json\/wp\/v2\/categories?post=615"},{"taxonomy":"post_tag","embeddable":true,"href":"https:\/\/flurhof.com\/index.php\/wp-json\/wp\/v2\/tags?post=615"}],"curies":[{"name":"wp","href":"https:\/\/api.w.org\/{rel}","templated":true}]}}