


{"id":5888,"date":"2013-06-18T15:42:49","date_gmt":"2013-06-18T15:42:49","guid":{"rendered":"http:\/\/www.flurhof.com\/web\/?p=5888"},"modified":"2013-06-18T15:42:49","modified_gmt":"2013-06-18T15:42:49","slug":"flurhof-on-tour-13-16-juni","status":"publish","type":"post","link":"https:\/\/flurhof.com\/index.php\/2013\/06\/18\/flurhof-on-tour-13-16-juni\/","title":{"rendered":"Flurhof on Tour! 13. &#8211; 16. Juni"},"content":{"rendered":"<p>Vergangenes Wochenende war der Flurhof an f\u00fcnf verschiedenen Turnierpl\u00e4tzen vertreten. W\u00e4hrend Otto und Pippi sich mit drei Pferden an das CSI** nach Farrach\/Zeltweg aufmachten d\u00fcsten Vera und Hans-J\u00fcrgen mit zwei Pferden nach St. Ulrich am Pillersee um am Dressurturnier teilzunehmen.<\/p>\n<p>Doch auch die Zur\u00fcckgebliebenen waren hoch aktiv: parallel wurde am CS Appenzell als auch am CSN in Bludenz und CS Dietikon teilgenommen. Am Samstag wurde im Gross-Konvoi der Aufstieg nach Appenzell durchgef\u00fchrt. Dort gaben Viola, Kathi, Carola, Cindy, Benny, Walter und Katja ihr bestes. Mit vielen Platzierungen im Gep\u00e4ck \u00a0gings wieder heimw\u00e4rts. Marek hingegen gl\u00e4nzte in Dietikon. Am Sonntag packte dann Marek die Motivation &#8211; sechs Pferde wurden aufgeladen und los ging`s nach Bludenz! \u00a0Mit schnellen Ritten setzte er die Oesterreicher ganz sch\u00f6n unter Druck und so nahm er auch einige Siegerpokale mit nach Hause.<\/p>\n<p>In Farrach mussten Canberro und Relamm zu H\u00f6chstleistungen auflaufen, da der Superstar Wirbelwind leider krankheitsbedingt nach dem ersten Tag ausfiel. Die beiden meisterten die Aufgabe eins A und gl\u00e4nzten mit fehlerfreien Runden und Platzierungen bis 135cm.<\/p>\n<p>So und jetzt zum Pillersee: im Tirol gl\u00e4nzte nicht nur die Sonne und das war unter anderem Veras Verdienst. Beide Pferde zeigten sich von ihrer Schokoladenseite und \u00fcberzeugten mit drei Siegen und weiteren top Platzierungen bis LM!<\/p>\n<p>So manch ein Paparazzi fand auch seinen Weg aufs Turnier \ud83d\ude09 lassen wir Bilder sprechen :<\/p>\n<p>&nbsp;<\/p>\n<p><img loading=\"lazy\" decoding=\"async\" class=\"alignnone size-medium wp-image-5890\" title=\".\" src=\"http:\/\/www.flurhof.com\/web\/wp-content\/uploads\/2013\/06\/IMG_4203-300x225.jpg\" alt=\"\" width=\"300\" height=\"225\" \/><\/p>\n<p>Kaum in Farrach\/Zeltweg angekommen richteten sich Otto und Pippi ein und in k\u00fcrzester Zeit strahlte das Stallzelt in orange \ud83d\ude09<\/p>\n<p><a href=\"http:\/\/www.flurhof.com\/web\/wp-content\/uploads\/2013\/06\/P1260388.jpg\" data-rel=\"lightbox-gallery-uXs8RITC\" data-rl_title=\"\" data-rl_caption=\"\"><img loading=\"lazy\" decoding=\"async\" class=\"alignnone size-medium wp-image-5894\" title=\"\" src=\"http:\/\/www.flurhof.com\/web\/wp-content\/uploads\/2013\/06\/P1260388-168x300.jpg\" alt=\"\" width=\"168\" height=\"300\" \/><\/a><\/p>\n<p>Hoch konzentriert bereitet sich Otto auf den Start vor \ud83d\ude1b<\/p>\n<p><a href=\"http:\/\/www.flurhof.com\/web\/wp-content\/uploads\/2013\/06\/P1260387.jpg\" data-rel=\"lightbox-gallery-uXs8RITC\" data-rl_title=\"\" data-rl_caption=\"\"><img loading=\"lazy\" decoding=\"async\" class=\"alignnone size-medium wp-image-5893\" title=\"\" src=\"http:\/\/www.flurhof.com\/web\/wp-content\/uploads\/2013\/06\/P1260387-300x168.jpg\" alt=\"\" width=\"300\" height=\"168\" \/><\/a><\/p>\n<p>Relamm hingegen geniesst die Ruhe vor dem Sturm<\/p>\n<p><a href=\"http:\/\/www.flurhof.com\/web\/wp-content\/uploads\/2013\/06\/P1260391.jpg\" data-rel=\"lightbox-gallery-uXs8RITC\" data-rl_title=\"\" data-rl_caption=\"\"><img loading=\"lazy\" decoding=\"async\" class=\"alignnone size-medium wp-image-5895\" title=\"\" src=\"http:\/\/www.flurhof.com\/web\/wp-content\/uploads\/2013\/06\/P1260391-300x168.jpg\" alt=\"\" width=\"300\" height=\"168\" \/><\/a><\/p>\n<p>Noch ein letztes Mal durchatmen: Und GOOOO!!<\/p>\n<p><a href=\"http:\/\/www.flurhof.com\/web\/wp-content\/uploads\/2013\/06\/P1260399.jpg\" data-rel=\"lightbox-gallery-uXs8RITC\" data-rl_title=\"\" data-rl_caption=\"\"><img loading=\"lazy\" decoding=\"async\" class=\"alignnone size-medium wp-image-5896\" title=\"\" src=\"http:\/\/www.flurhof.com\/web\/wp-content\/uploads\/2013\/06\/P1260399-300x168.jpg\" alt=\"\" width=\"300\" height=\"168\" \/><\/a><\/p>\n<p>Und sieh an: platziert im 1,35m Springen!<\/p>\n<p><a href=\"http:\/\/www.flurhof.com\/web\/wp-content\/uploads\/2013\/06\/P1260415.jpg\" data-rel=\"lightbox-gallery-uXs8RITC\" data-rl_title=\"\" data-rl_caption=\"\"><img loading=\"lazy\" decoding=\"async\" class=\"alignnone size-medium wp-image-5898\" title=\"\" src=\"http:\/\/www.flurhof.com\/web\/wp-content\/uploads\/2013\/06\/P1260415-300x168.jpg\" alt=\"\" width=\"300\" height=\"168\" \/><\/a><\/p>\n<p>Auch Canberro war voll im Einsatz &#8211; letzte Strategiebesprechung mit Busenfreund Rob vor dem Einreiten \ud83d\ude09<\/p>\n<p><a href=\"http:\/\/www.flurhof.com\/web\/wp-content\/uploads\/2013\/06\/P1260407.jpg\" data-rel=\"lightbox-gallery-uXs8RITC\" data-rl_title=\"\" data-rl_caption=\"\"><img loading=\"lazy\" decoding=\"async\" class=\"alignnone size-medium wp-image-5897\" title=\"\" src=\"http:\/\/www.flurhof.com\/web\/wp-content\/uploads\/2013\/06\/P1260407-168x300.jpg\" alt=\"\" width=\"168\" height=\"300\" \/><\/a><\/p>\n<p>Klein-Bodolino bevorzugt mehr als ein PS \ud83d\ude09<\/p>\n<p><a href=\"http:\/\/www.flurhof.com\/web\/wp-content\/uploads\/2013\/06\/IMG_4226.jpg\" data-rel=\"lightbox-gallery-uXs8RITC\" data-rl_title=\"\" data-rl_caption=\"\"><img loading=\"lazy\" decoding=\"async\" class=\"alignnone size-medium wp-image-5892\" title=\"\" src=\"http:\/\/www.flurhof.com\/web\/wp-content\/uploads\/2013\/06\/IMG_4226-300x225.jpg\" alt=\"\" width=\"300\" height=\"225\" \/><\/a><\/p>\n<p>Ausklingen des Tages in gem\u00fctlicher Runde&#8230;..<\/p>\n<p><a href=\"http:\/\/www.flurhof.com\/web\/wp-content\/uploads\/2013\/06\/IMG_4222.jpg\" data-rel=\"lightbox-gallery-uXs8RITC\" data-rl_title=\"\" data-rl_caption=\"\"><img loading=\"lazy\" decoding=\"async\" class=\"alignnone size-medium wp-image-5891\" title=\"\" src=\"http:\/\/www.flurhof.com\/web\/wp-content\/uploads\/2013\/06\/IMG_4222-300x225.jpg\" alt=\"\" width=\"300\" height=\"225\" \/><\/a><\/p>\n<p>&#8230;.. mit alten Bekannten wie Franke Sloothaak (Team Ericcson &#8211; Wiedervereinigung) \ud83d\ude42<\/p>\n<p><a href=\"http:\/\/www.flurhof.com\/web\/wp-content\/uploads\/2013\/06\/IMG_4242.jpg\" data-rel=\"lightbox-gallery-uXs8RITC\" data-rl_title=\"\" data-rl_caption=\"\"><img loading=\"lazy\" decoding=\"async\" class=\"alignnone size-medium wp-image-5904\" title=\"\" src=\"http:\/\/www.flurhof.com\/web\/wp-content\/uploads\/2013\/06\/IMG_4242-300x225.jpg\" alt=\"\" width=\"300\" height=\"225\" \/><\/a><\/p>\n<p>In Appenzell wurden grosse Gesch\u00fctze aufgefahren: die vier Flurhof-Anh\u00e4nger stehen in Reih und Glied parat!<\/p>\n<p><a href=\"http:\/\/www.flurhof.com\/web\/wp-content\/uploads\/2013\/06\/IMG_4241.jpg\" data-rel=\"lightbox-gallery-uXs8RITC\" data-rl_title=\"\" data-rl_caption=\"\"><img loading=\"lazy\" decoding=\"async\" class=\"alignnone size-medium wp-image-5903\" title=\"\" src=\"http:\/\/www.flurhof.com\/web\/wp-content\/uploads\/2013\/06\/IMG_4241-225x300.jpg\" alt=\"\" width=\"225\" height=\"300\" \/><\/a><\/p>\n<p>Die Kampflinie wird anvisiert&#8230;..<\/p>\n<p><a href=\"http:\/\/www.flurhof.com\/web\/wp-content\/uploads\/2013\/06\/IMG_4239.jpg\" data-rel=\"lightbox-gallery-uXs8RITC\" data-rl_title=\"\" data-rl_caption=\"\"><img loading=\"lazy\" decoding=\"async\" class=\"alignnone size-medium wp-image-5901\" title=\"\" src=\"http:\/\/www.flurhof.com\/web\/wp-content\/uploads\/2013\/06\/IMG_4239-225x300.jpg\" alt=\"\" width=\"225\" height=\"300\" \/><\/a><\/p>\n<p>&#8230;. und bestens umgesetzt: Viola und Charly<\/p>\n<p><a href=\"http:\/\/www.flurhof.com\/web\/wp-content\/uploads\/2013\/06\/IMG_4240.jpg\" data-rel=\"lightbox-gallery-uXs8RITC\" data-rl_title=\"\" data-rl_caption=\"\"><img loading=\"lazy\" decoding=\"async\" class=\"alignnone size-medium wp-image-5902\" title=\"\" src=\"http:\/\/www.flurhof.com\/web\/wp-content\/uploads\/2013\/06\/IMG_4240-300x225.jpg\" alt=\"\" width=\"300\" height=\"225\" \/><\/a><\/p>\n<p>Carola war im Grosseinsatz: als Reiterin, Trainerin und Chauffeuse hatte sie alle H\u00e4nde voll zu tun!<\/p>\n<p><a href=\"http:\/\/www.flurhof.com\/web\/wp-content\/uploads\/2013\/06\/IMG_4243.jpg\" data-rel=\"lightbox-gallery-uXs8RITC\" data-rl_title=\"\" data-rl_caption=\"\"><img loading=\"lazy\" decoding=\"async\" class=\"alignnone size-medium wp-image-5905\" title=\"\" src=\"http:\/\/www.flurhof.com\/web\/wp-content\/uploads\/2013\/06\/IMG_4243-300x225.jpg\" alt=\"\" width=\"300\" height=\"225\" \/><\/a><\/p>\n<p>Der Fanclub war gross \ud83d\ude09<\/p>\n<p><a href=\"http:\/\/www.flurhof.com\/web\/wp-content\/uploads\/2013\/06\/IMG_4237.jpg\" data-rel=\"lightbox-gallery-uXs8RITC\" data-rl_title=\"\" data-rl_caption=\"\"><img loading=\"lazy\" decoding=\"async\" class=\"alignnone size-medium wp-image-5899\" title=\"\" src=\"http:\/\/www.flurhof.com\/web\/wp-content\/uploads\/2013\/06\/IMG_4237-300x225.jpg\" alt=\"\" width=\"300\" height=\"225\" \/><\/a><\/p>\n<p>Flurh\u00f6fler soweit das Auge reicht \ud83d\ude00<\/p>\n<p><a href=\"http:\/\/www.flurhof.com\/web\/wp-content\/uploads\/2013\/06\/IMG_4238.jpg\" data-rel=\"lightbox-gallery-uXs8RITC\" data-rl_title=\"\" data-rl_caption=\"\"><img loading=\"lazy\" decoding=\"async\" class=\"alignnone size-medium wp-image-5900\" title=\"\" src=\"http:\/\/www.flurhof.com\/web\/wp-content\/uploads\/2013\/06\/IMG_4238-225x300.jpg\" alt=\"\" width=\"225\" height=\"300\" \/><\/a><\/p>\n<p>Der n\u00e4chste Flurhof-Nachwuchs kommt bestimmt \ud83d\ude09<\/p>\n<p><a href=\"http:\/\/www.flurhof.com\/web\/wp-content\/uploads\/2013\/06\/DSCF6758.jpg\" data-rel=\"lightbox-gallery-uXs8RITC\" data-rl_title=\"\" data-rl_caption=\"\"><img loading=\"lazy\" decoding=\"async\" class=\"alignnone size-medium wp-image-5909\" title=\"\" src=\"http:\/\/www.flurhof.com\/web\/wp-content\/uploads\/2013\/06\/DSCF6758-222x300.jpg\" alt=\"\" width=\"222\" height=\"300\" \/><\/a><\/p>\n<p>Die Dressurfraktion vom Flurhof fanden super Bedingungen im Tirol vor<\/p>\n<p><a href=\"http:\/\/www.flurhof.com\/web\/wp-content\/uploads\/2013\/06\/DSCF6762.jpg\" data-rel=\"lightbox-gallery-uXs8RITC\" data-rl_title=\"\" data-rl_caption=\"\"><img loading=\"lazy\" decoding=\"async\" class=\"alignnone size-medium wp-image-5910\" title=\"\" src=\"http:\/\/www.flurhof.com\/web\/wp-content\/uploads\/2013\/06\/DSCF6762-225x300.jpg\" alt=\"\" width=\"225\" height=\"300\" \/><\/a><\/p>\n<p>Letzte Vorbereitungen: alles muss gl\u00e4nzen \ud83d\ude09<\/p>\n<p><a href=\"http:\/\/www.flurhof.com\/web\/wp-content\/uploads\/2013\/06\/DSCF6744.jpg\" data-rel=\"lightbox-gallery-uXs8RITC\" data-rl_title=\"\" data-rl_caption=\"\"><img loading=\"lazy\" decoding=\"async\" class=\"alignnone size-medium wp-image-5906\" title=\"\" src=\"http:\/\/www.flurhof.com\/web\/wp-content\/uploads\/2013\/06\/DSCF6744-225x300.jpg\" alt=\"\" width=\"225\" height=\"300\" \/><\/a><\/p>\n<p>Riscal und Vera kurz vor dem Start!<\/p>\n<p><a href=\"http:\/\/www.flurhof.com\/web\/wp-content\/uploads\/2013\/06\/DSCF6749.jpg\" data-rel=\"lightbox-gallery-uXs8RITC\" data-rl_title=\"\" data-rl_caption=\"\"><img loading=\"lazy\" decoding=\"async\" class=\"alignnone size-medium wp-image-5907\" title=\"\" src=\"http:\/\/www.flurhof.com\/web\/wp-content\/uploads\/2013\/06\/DSCF6749-300x225.jpg\" alt=\"\" width=\"300\" height=\"225\" \/><\/a><\/p>\n<p>Sandrino zeigte sich von seiner besten Seite!<\/p>\n<p><a href=\"http:\/\/www.flurhof.com\/web\/wp-content\/uploads\/2013\/06\/DSCF6756.jpg\" data-rel=\"lightbox-gallery-uXs8RITC\" data-rl_title=\"\" data-rl_caption=\"\"><img loading=\"lazy\" decoding=\"async\" class=\"alignnone size-medium wp-image-5908\" title=\"\" src=\"http:\/\/www.flurhof.com\/web\/wp-content\/uploads\/2013\/06\/DSCF6756-225x300.jpg\" alt=\"\" width=\"225\" height=\"300\" \/><\/a><\/p>\n<p>Die Ausbeute war gross \ud83d\ude42<\/p>\n","protected":false},"excerpt":{"rendered":"<p>Vergangenes Wochenende war der Flurhof an f\u00fcnf verschiedenen Turnierpl\u00e4tzen vertreten. W\u00e4hrend Otto und Pippi sich mit drei Pferden an das CSI** nach Farrach\/Zeltweg aufmachten d\u00fcsten Vera und Hans-J\u00fcrgen mit zwei Pferden nach St. Ulrich am Pillersee um am Dressurturnier teilzunehmen. Doch auch die Zur\u00fcckgebliebenen waren hoch aktiv: parallel wurde am CS Appenzell als auch am [&hellip;]<\/p>\n","protected":false},"author":1,"featured_media":0,"comment_status":"closed","ping_status":"closed","sticky":false,"template":"","format":"standard","meta":{"_acf_changed":false,"footnotes":""},"categories":[6],"tags":[],"class_list":["post-5888","post","type-post","status-publish","format-standard","hentry","category-news-aktuelles"],"acf":[],"_links":{"self":[{"href":"https:\/\/flurhof.com\/index.php\/wp-json\/wp\/v2\/posts\/5888","targetHints":{"allow":["GET"]}}],"collection":[{"href":"https:\/\/flurhof.com\/index.php\/wp-json\/wp\/v2\/posts"}],"about":[{"href":"https:\/\/flurhof.com\/index.php\/wp-json\/wp\/v2\/types\/post"}],"author":[{"embeddable":true,"href":"https:\/\/flurhof.com\/index.php\/wp-json\/wp\/v2\/users\/1"}],"replies":[{"embeddable":true,"href":"https:\/\/flurhof.com\/index.php\/wp-json\/wp\/v2\/comments?post=5888"}],"version-history":[{"count":0,"href":"https:\/\/flurhof.com\/index.php\/wp-json\/wp\/v2\/posts\/5888\/revisions"}],"wp:attachment":[{"href":"https:\/\/flurhof.com\/index.php\/wp-json\/wp\/v2\/media?parent=5888"}],"wp:term":[{"taxonomy":"category","embeddable":true,"href":"https:\/\/flurhof.com\/index.php\/wp-json\/wp\/v2\/categories?post=5888"},{"taxonomy":"post_tag","embeddable":true,"href":"https:\/\/flurhof.com\/index.php\/wp-json\/wp\/v2\/tags?post=5888"}],"curies":[{"name":"wp","href":"https:\/\/api.w.org\/{rel}","templated":true}]}}