


{"id":5878,"date":"2013-06-12T21:43:43","date_gmt":"2013-06-12T21:43:43","guid":{"rendered":"http:\/\/www.flurhof.com\/web\/?p=5878"},"modified":"2013-06-12T21:43:43","modified_gmt":"2013-06-12T21:43:43","slug":"r-i-p-stilo-top-notch-ein-guter-freund-nahm-abschied","status":"publish","type":"post","link":"https:\/\/flurhof.com\/index.php\/2013\/06\/12\/r-i-p-stilo-top-notch-ein-guter-freund-nahm-abschied\/","title":{"rendered":"R.I.P. &#8211; Stilo Top Notch &#8211; Ein guter Freund nahm Abschied"},"content":{"rendered":"<p>Ein treuer Freund ist am Dienstag den 11. Juni seine letzte Reise angetreten. Stilo Top Notch wird uns allen als einzigartiger K\u00e4mpfer und Lehrmeister in Erinnerung bleiben. Der Abschied tut weh &#8211; doch dort wo Stilo-M\u00e4usle jetzt ist hat er viele saftige Weiden und Pferdekameraden!<\/p>\n<p><a href=\"http:\/\/www.flurhof.com\/web\/wp-content\/uploads\/2013\/06\/IMG_4284.jpg\" data-rel=\"lightbox-gallery-YIy8KNcO\" data-rl_title=\"\" data-rl_caption=\"\"><img loading=\"lazy\" decoding=\"async\" class=\"alignnone size-medium wp-image-5884\" title=\"\" src=\"http:\/\/www.flurhof.com\/web\/wp-content\/uploads\/2013\/06\/IMG_4284-200x300.jpg\" alt=\"\" width=\"200\" height=\"300\" \/><\/a><\/p>\n<p>Stilo kam vor 7 Jahren an den Flurhof und machte schnell deutlich, dass es ihm hier gef\u00e4llt. Somit wechselte er vom Besitz der Familie Collee-Steurer in die H\u00e4nde von Carola.<\/p>\n<p><a href=\"http:\/\/www.flurhof.com\/web\/wp-content\/uploads\/2013\/06\/IMG_4469.jpg\" data-rel=\"lightbox-gallery-YIy8KNcO\" data-rl_title=\"\" data-rl_caption=\"\"><img loading=\"lazy\" decoding=\"async\" class=\"alignnone size-medium wp-image-5879\" title=\"\" src=\"http:\/\/www.flurhof.com\/web\/wp-content\/uploads\/2013\/06\/IMG_4469-300x200.jpg\" alt=\"\" width=\"300\" height=\"200\" \/><\/a><\/p>\n<p>Dies bedeutete nicht nur in sportlicher Hinsicht ein erfolgreiches Team, sondern eine Freundschaft wo zwei sich gefunden haben.<\/p>\n<p><a href=\"http:\/\/www.flurhof.com\/web\/wp-content\/uploads\/2013\/06\/Carola-und-Stilo-1.jpg\" data-rel=\"lightbox-gallery-YIy8KNcO\" data-rl_title=\"\" data-rl_caption=\"\"><img loading=\"lazy\" decoding=\"async\" class=\"alignnone size-medium wp-image-5885\" title=\"\" src=\"http:\/\/www.flurhof.com\/web\/wp-content\/uploads\/2013\/06\/Carola-und-Stilo-1-204x300.jpg\" alt=\"\" width=\"204\" height=\"300\" \/><\/a><\/p>\n<p>Die beiden verzeichneten national sowie international unz\u00e4hlige Siege und Platzierungen. Zu hause genoss Stilo-M\u00e4usle ausgiebige Ausritte.<\/p>\n<p><a href=\"http:\/\/www.flurhof.com\/web\/wp-content\/uploads\/2013\/06\/IMG_4323.jpg\" data-rel=\"lightbox-gallery-YIy8KNcO\" data-rl_title=\"\" data-rl_caption=\"\"><img loading=\"lazy\" decoding=\"async\" class=\"alignnone size-medium wp-image-5881\" title=\"\" src=\"http:\/\/www.flurhof.com\/web\/wp-content\/uploads\/2013\/06\/IMG_4323-300x200.jpg\" alt=\"\" width=\"300\" height=\"200\" \/><\/a><\/p>\n<p>Stilo war Schleifenpony, Lehrmeister und ein unvergesslicher Partner &#8211; die beiden waren ein unschlagbares Team!<\/p>\n<p><a href=\"http:\/\/www.flurhof.com\/web\/wp-content\/uploads\/2013\/06\/IMG_4425.jpg\" data-rel=\"lightbox-gallery-YIy8KNcO\" data-rl_title=\"\" data-rl_caption=\"\"><img loading=\"lazy\" decoding=\"async\" class=\"alignnone size-medium wp-image-5883\" title=\"\" src=\"http:\/\/www.flurhof.com\/web\/wp-content\/uploads\/2013\/06\/IMG_4425-300x200.jpg\" alt=\"\" width=\"300\" height=\"200\" \/><\/a><\/p>\n<p>Wir sind dankbar f\u00fcr die sch\u00f6ne Zeit die wir mit Stilo verbringen konnten und werden f\u00fcr ihn immer einen Platz in unserem Herzen haben!<\/p>\n","protected":false},"excerpt":{"rendered":"<p>Ein treuer Freund ist am Dienstag den 11. Juni seine letzte Reise angetreten. Stilo Top Notch wird uns allen als einzigartiger K\u00e4mpfer und Lehrmeister in Erinnerung bleiben. Der Abschied tut weh &#8211; doch dort wo Stilo-M\u00e4usle jetzt ist hat er viele saftige Weiden und Pferdekameraden! Stilo kam vor 7 Jahren an den Flurhof und machte [&hellip;]<\/p>\n","protected":false},"author":1,"featured_media":0,"comment_status":"closed","ping_status":"closed","sticky":false,"template":"","format":"standard","meta":{"_acf_changed":false,"footnotes":""},"categories":[6],"tags":[],"class_list":["post-5878","post","type-post","status-publish","format-standard","hentry","category-news-aktuelles"],"acf":[],"_links":{"self":[{"href":"https:\/\/flurhof.com\/index.php\/wp-json\/wp\/v2\/posts\/5878","targetHints":{"allow":["GET"]}}],"collection":[{"href":"https:\/\/flurhof.com\/index.php\/wp-json\/wp\/v2\/posts"}],"about":[{"href":"https:\/\/flurhof.com\/index.php\/wp-json\/wp\/v2\/types\/post"}],"author":[{"embeddable":true,"href":"https:\/\/flurhof.com\/index.php\/wp-json\/wp\/v2\/users\/1"}],"replies":[{"embeddable":true,"href":"https:\/\/flurhof.com\/index.php\/wp-json\/wp\/v2\/comments?post=5878"}],"version-history":[{"count":0,"href":"https:\/\/flurhof.com\/index.php\/wp-json\/wp\/v2\/posts\/5878\/revisions"}],"wp:attachment":[{"href":"https:\/\/flurhof.com\/index.php\/wp-json\/wp\/v2\/media?parent=5878"}],"wp:term":[{"taxonomy":"category","embeddable":true,"href":"https:\/\/flurhof.com\/index.php\/wp-json\/wp\/v2\/categories?post=5878"},{"taxonomy":"post_tag","embeddable":true,"href":"https:\/\/flurhof.com\/index.php\/wp-json\/wp\/v2\/tags?post=5878"}],"curies":[{"name":"wp","href":"https:\/\/api.w.org\/{rel}","templated":true}]}}