


{"id":5612,"date":"2013-03-24T16:35:51","date_gmt":"2013-03-24T16:35:51","guid":{"rendered":"http:\/\/www.flurhof.com\/web\/?p=5612"},"modified":"2013-03-24T16:35:51","modified_gmt":"2013-03-24T16:35:51","slug":"hv-rc-flurhof-22-marz-2013","status":"publish","type":"post","link":"https:\/\/flurhof.com\/index.php\/2013\/03\/24\/hv-rc-flurhof-22-marz-2013\/","title":{"rendered":"HV RC Flurhof 22. M\u00e4rz 2013"},"content":{"rendered":"<p>Am vergangenen Freitag traf der Reitclub Flurhof zur allj\u00e4hrlichen Hautpversammlungim Gasthaus Gerbe in Balgach zusammen. Pr\u00e4sident Willy Hautle hatte viel zu tun mit den Begr\u00fcssungen der vielen neuen Mitglieder, von denen viele auch pers\u00f6nlich anwesend waren. Nach einem Apero wurde im Zuge der HV der Vorstand bestehend aus: : Willy Hautle als Pr\u00e4sident, Otto Steurer als Vizepr\u00e4sident, Nina Enzler als Schriftf\u00fchrerin, G\u00fcnther Maurer als Beisitzer, sowie den Revisoren Werner Fitz und Simon J\u00e4ger einstimmig wiedergew\u00e4hlt.<\/p>\n<p>2012 war f\u00fcr den RC Flurhof sportlich ein sehr gutes Jahr, besonders hervorzuheben ist die Silbermedaille am OKV Cup durch die Equipe: Cindy Hutter, Martina Camenzind, J\u00f6rg Haas und Nicole Kuster. Die Mannschaft wurde zum zweiten Mal\u00a0 von Thomas K\u00f6nig &#8211; Anh\u00e4nger K\u00f6nig- gesponsert, wof\u00fcr sich der RC Flurhof sehr bedankt. Zahlreiche Erfolge wurden durch die Turnierreiter des RC Flurhofs w\u00e4hrend des Jahres 2012 verzeichnet in verschiedenen Sparten des Reitsports.<\/p>\n<p>nach raschem Abhandeln der Traktanden wurde mit dem ausgezeichnet zubereiteten Essen von Vreni Huber fortgefahren und bis kurz nach Mitternacht wurde geplauscht, gelacht und die Zeit miteinander genossen.<\/p>\n<p><a href=\"http:\/\/www.flurhof.com\/web\/wp-content\/uploads\/2013\/03\/P1250043.jpg\" data-rel=\"lightbox-gallery-wCsRYEUy\" data-rl_title=\"\" data-rl_caption=\"\"><img loading=\"lazy\" decoding=\"async\" class=\"alignnone size-medium wp-image-5615\" title=\"\" src=\"http:\/\/www.flurhof.com\/web\/wp-content\/uploads\/2013\/03\/P1250043-300x156.jpg\" alt=\"\" width=\"300\" height=\"156\" \/><\/a><\/p>\n<p>Die HV war dieses Jahr gut besucht<\/p>\n<p><a href=\"http:\/\/www.flurhof.com\/web\/wp-content\/uploads\/2013\/03\/P1250079.jpg\" data-rel=\"lightbox-gallery-wCsRYEUy\" data-rl_title=\"\" data-rl_caption=\"\"><img loading=\"lazy\" decoding=\"async\" class=\"alignnone size-medium wp-image-5613\" title=\"\" src=\"http:\/\/www.flurhof.com\/web\/wp-content\/uploads\/2013\/03\/P1250079-300x168.jpg\" alt=\"\" width=\"300\" height=\"168\" \/><\/a><\/p>\n<p>Was hier wohl gerade durch diskutiert wird?<\/p>\n<p><a href=\"http:\/\/www.flurhof.com\/web\/wp-content\/uploads\/2013\/03\/P1250064.jpg\" data-rel=\"lightbox-gallery-wCsRYEUy\" data-rl_title=\"\" data-rl_caption=\"\"><img loading=\"lazy\" decoding=\"async\" class=\"alignnone size-medium wp-image-5618\" title=\"\" src=\"http:\/\/www.flurhof.com\/web\/wp-content\/uploads\/2013\/03\/P1250064-300x168.jpg\" alt=\"\" width=\"300\" height=\"168\" \/><\/a><\/p>\n<p>Wie war das nochmal mit der Rose und den Mistst\u00f6cken?? \ud83d\ude09<\/p>\n<p><a href=\"http:\/\/www.flurhof.com\/web\/wp-content\/uploads\/2013\/03\/P1250035.jpg\" data-rel=\"lightbox-gallery-wCsRYEUy\" data-rl_title=\"\" data-rl_caption=\"\"><img loading=\"lazy\" decoding=\"async\" class=\"alignnone size-medium wp-image-5614\" title=\"\" src=\"http:\/\/www.flurhof.com\/web\/wp-content\/uploads\/2013\/03\/P1250035-300x168.jpg\" alt=\"\" width=\"300\" height=\"168\" \/><\/a><\/p>\n<p>Ob jung ob alt, ob Springer oder Dress\u00fcrler &#8211; alle waren dabei \ud83d\ude42<\/p>\n<p><a href=\"http:\/\/www.flurhof.com\/web\/wp-content\/uploads\/2013\/03\/P1250068.jpg\" data-rel=\"lightbox-gallery-wCsRYEUy\" data-rl_title=\"\" data-rl_caption=\"\"><img loading=\"lazy\" decoding=\"async\" class=\"alignnone size-medium wp-image-5621\" title=\"\" src=\"http:\/\/www.flurhof.com\/web\/wp-content\/uploads\/2013\/03\/P1250068-300x168.jpg\" alt=\"\" width=\"300\" height=\"168\" \/><\/a><\/p>\n<p>M\u00e4dels unter sich \ud83d\ude09<\/p>\n<p><a href=\"http:\/\/www.flurhof.com\/web\/wp-content\/uploads\/2013\/03\/P1250074.jpg\" data-rel=\"lightbox-gallery-wCsRYEUy\" data-rl_title=\"\" data-rl_caption=\"\"><img loading=\"lazy\" decoding=\"async\" class=\"alignnone size-medium wp-image-5622\" title=\"\" src=\"http:\/\/www.flurhof.com\/web\/wp-content\/uploads\/2013\/03\/P1250074-300x168.jpg\" alt=\"\" width=\"300\" height=\"168\" \/><\/a><\/p>\n<p>Monique, Janis und Cindy verstanden sich bestens<\/p>\n<p><a href=\"http:\/\/www.flurhof.com\/web\/wp-content\/uploads\/2013\/03\/P1250065.jpg\" data-rel=\"lightbox-gallery-wCsRYEUy\" data-rl_title=\"\" data-rl_caption=\"\"><img loading=\"lazy\" decoding=\"async\" class=\"alignnone size-medium wp-image-5619\" title=\"\" src=\"http:\/\/www.flurhof.com\/web\/wp-content\/uploads\/2013\/03\/P1250065-300x168.jpg\" alt=\"\" width=\"300\" height=\"168\" \/><\/a><\/p>\n<p>Auch unsere Junioren Viola und Laura waren mit von der Partie<\/p>\n<p><a href=\"http:\/\/www.flurhof.com\/web\/wp-content\/uploads\/2013\/03\/P1250054.jpg\" data-rel=\"lightbox-gallery-wCsRYEUy\" data-rl_title=\"\" data-rl_caption=\"\"><img loading=\"lazy\" decoding=\"async\" class=\"alignnone size-medium wp-image-5616\" title=\"\" src=\"http:\/\/www.flurhof.com\/web\/wp-content\/uploads\/2013\/03\/P1250054-300x168.jpg\" alt=\"\" width=\"300\" height=\"168\" \/><\/a><\/p>\n<p>Das Posing passt und schon kommt Spassv\u00f6gelchen Carola um die Ecke \ud83d\ude09<\/p>\n<p><a href=\"http:\/\/www.flurhof.com\/web\/wp-content\/uploads\/2013\/03\/P1250061.jpg\" data-rel=\"lightbox-gallery-wCsRYEUy\" data-rl_title=\"\" data-rl_caption=\"\"><img loading=\"lazy\" decoding=\"async\" class=\"alignnone size-medium wp-image-5617\" title=\"\" src=\"http:\/\/www.flurhof.com\/web\/wp-content\/uploads\/2013\/03\/P1250061-168x300.jpg\" alt=\"\" width=\"168\" height=\"300\" \/><\/a><\/p>\n<p>Dani und Carola<\/p>\n<p>&nbsp;<\/p>\n","protected":false},"excerpt":{"rendered":"<p>Am vergangenen Freitag traf der Reitclub Flurhof zur allj\u00e4hrlichen Hautpversammlungim Gasthaus Gerbe in Balgach zusammen. Pr\u00e4sident Willy Hautle hatte viel zu tun mit den Begr\u00fcssungen der vielen neuen Mitglieder, von denen viele auch pers\u00f6nlich anwesend waren. Nach einem Apero wurde im Zuge der HV der Vorstand bestehend aus: : Willy Hautle als Pr\u00e4sident, Otto Steurer [&hellip;]<\/p>\n","protected":false},"author":1,"featured_media":0,"comment_status":"closed","ping_status":"closed","sticky":false,"template":"","format":"standard","meta":{"_acf_changed":false,"footnotes":""},"categories":[6],"tags":[],"class_list":["post-5612","post","type-post","status-publish","format-standard","hentry","category-news-aktuelles"],"acf":[],"_links":{"self":[{"href":"https:\/\/flurhof.com\/index.php\/wp-json\/wp\/v2\/posts\/5612","targetHints":{"allow":["GET"]}}],"collection":[{"href":"https:\/\/flurhof.com\/index.php\/wp-json\/wp\/v2\/posts"}],"about":[{"href":"https:\/\/flurhof.com\/index.php\/wp-json\/wp\/v2\/types\/post"}],"author":[{"embeddable":true,"href":"https:\/\/flurhof.com\/index.php\/wp-json\/wp\/v2\/users\/1"}],"replies":[{"embeddable":true,"href":"https:\/\/flurhof.com\/index.php\/wp-json\/wp\/v2\/comments?post=5612"}],"version-history":[{"count":0,"href":"https:\/\/flurhof.com\/index.php\/wp-json\/wp\/v2\/posts\/5612\/revisions"}],"wp:attachment":[{"href":"https:\/\/flurhof.com\/index.php\/wp-json\/wp\/v2\/media?parent=5612"}],"wp:term":[{"taxonomy":"category","embeddable":true,"href":"https:\/\/flurhof.com\/index.php\/wp-json\/wp\/v2\/categories?post=5612"},{"taxonomy":"post_tag","embeddable":true,"href":"https:\/\/flurhof.com\/index.php\/wp-json\/wp\/v2\/tags?post=5612"}],"curies":[{"name":"wp","href":"https:\/\/api.w.org\/{rel}","templated":true}]}}