


{"id":5475,"date":"2013-02-25T20:04:34","date_gmt":"2013-02-25T20:04:34","guid":{"rendered":"http:\/\/www.flurhof.com\/web\/?p=5475"},"modified":"2013-02-25T20:04:34","modified_gmt":"2013-02-25T20:04:34","slug":"concours-erlen-22-24-februar-2013","status":"publish","type":"post","link":"https:\/\/flurhof.com\/index.php\/2013\/02\/25\/concours-erlen-22-24-februar-2013\/","title":{"rendered":"Concours Erlen 22.-24.Februar 2013"},"content":{"rendered":"<p>Weil es vergangenes Wochenende so sch\u00f6n war in Erlen bev\u00f6lkerten zahlreiche Flurh\u00f6fler auch dieses Wochenende wieder den Concours in Erlen. Unsere Reiter Martina, Marek, Otto, Manuela, Laura und Andy k\u00e4mpften angefangen bei B70 bis N135 in jeglichen Klassen.<\/p>\n<p>Mit LKW und Pferdeh\u00e4ngern und umfangreichen Pflegepersonal ausgestattet liess auch der Erfolg nicht lange warten.<\/p>\n<p>Laura konnte sich mit der noch jungen Lilliput platzieren.<\/p>\n<p>Martina zeigte mit ihren Pferden nach langer Turnierpause top Runden und konnte sich platzieren.<\/p>\n<p>Auch Marek ritt von Platzierung zu Platzierung und den kr\u00f6nenden Abschluss lieferte Otto samstags mit Platzierungen im 125 und einem zweiten Schlussrang im 135!!<\/p>\n<p>Herzliche Gratulation an alle unsere Reiter!!<\/p>\n<p><a href=\"http:\/\/www.flurhof.com\/web\/wp-content\/uploads\/2013\/02\/P1240426.jpg\" data-rel=\"lightbox-gallery-dnzyvb9J\" data-rl_title=\"\" data-rl_caption=\"\"><img loading=\"lazy\" decoding=\"async\" class=\"alignnone size-medium wp-image-5495\" title=\"\" src=\"http:\/\/www.flurhof.com\/web\/wp-content\/uploads\/2013\/02\/P1240426-300x168.jpg\" alt=\"\" width=\"300\" height=\"168\" \/><\/a><\/p>\n<p>Kathi wuselte schon fr\u00fch morgens durch den Stall um die Pferde turnierfertig zu machen \ud83d\ude42<\/p>\n<p><a href=\"http:\/\/www.flurhof.com\/web\/wp-content\/uploads\/2013\/02\/P1240556.jpg\" data-rel=\"lightbox-gallery-dnzyvb9J\" data-rl_title=\"\" data-rl_caption=\"\"><img loading=\"lazy\" decoding=\"async\" class=\"alignnone size-medium wp-image-5476\" title=\"\" src=\"http:\/\/www.flurhof.com\/web\/wp-content\/uploads\/2013\/02\/P1240556-168x300.jpg\" alt=\"\" width=\"168\" height=\"300\" \/><\/a><\/p>\n<p>Lauras Eltern und Martina beobachten mit Spannung das Geschehen am Abreiteplatz<\/p>\n<p><a href=\"http:\/\/www.flurhof.com\/web\/wp-content\/uploads\/2013\/02\/P1240496.jpg\" data-rel=\"lightbox-gallery-dnzyvb9J\" data-rl_title=\"\" data-rl_caption=\"\"><img loading=\"lazy\" decoding=\"async\" class=\"alignnone size-medium wp-image-5500\" title=\"\" src=\"http:\/\/www.flurhof.com\/web\/wp-content\/uploads\/2013\/02\/P1240496-300x168.jpg\" alt=\"\" width=\"300\" height=\"168\" \/><\/a><\/p>\n<p>Carola amtete als Coach und Andy assistierte wo er konnte<\/p>\n<p><a href=\"http:\/\/www.flurhof.com\/web\/wp-content\/uploads\/2013\/02\/P1240473.jpg\" data-rel=\"lightbox-gallery-dnzyvb9J\" data-rl_title=\"\" data-rl_caption=\"\"><img loading=\"lazy\" decoding=\"async\" class=\"alignnone size-medium wp-image-5499\" title=\"\" src=\"http:\/\/www.flurhof.com\/web\/wp-content\/uploads\/2013\/02\/P1240473-300x168.jpg\" alt=\"\" width=\"300\" height=\"168\" \/><\/a><\/p>\n<p>Miteinander geht alles einfacher: Martina stand trotz vieler Ritte stets mit Rat und Tat allen anderen zur Seite<\/p>\n<p><a href=\"http:\/\/www.flurhof.com\/web\/wp-content\/uploads\/2013\/02\/P1240547.jpg\" data-rel=\"lightbox-gallery-dnzyvb9J\" data-rl_title=\"\" data-rl_caption=\"\"><img loading=\"lazy\" decoding=\"async\" class=\"alignnone size-medium wp-image-5505\" title=\"\" src=\"http:\/\/www.flurhof.com\/web\/wp-content\/uploads\/2013\/02\/P1240547-300x168.jpg\" alt=\"\" width=\"300\" height=\"168\" \/><\/a><\/p>\n<p>Kurze Verschnaufpause &#8230;&#8230;<\/p>\n<p><a href=\"http:\/\/www.flurhof.com\/web\/wp-content\/uploads\/2013\/02\/P1240527.jpg\" data-rel=\"lightbox-gallery-dnzyvb9J\" data-rl_title=\"\" data-rl_caption=\"\"><img loading=\"lazy\" decoding=\"async\" class=\"alignnone size-medium wp-image-5501\" title=\"\" src=\"http:\/\/www.flurhof.com\/web\/wp-content\/uploads\/2013\/02\/P1240527-300x168.jpg\" alt=\"\" width=\"300\" height=\"168\" \/><\/a><\/p>\n<p>&#8230;&#8230; bevor es zur n\u00e4chsten Parcoursbesichtigung mit Carolas Betreuung geht<\/p>\n<p><a href=\"http:\/\/www.flurhof.com\/web\/wp-content\/uploads\/2013\/02\/P1240457.jpg\" data-rel=\"lightbox-gallery-dnzyvb9J\" data-rl_title=\"\" data-rl_caption=\"\"><img loading=\"lazy\" decoding=\"async\" class=\"alignnone size-medium wp-image-5498\" title=\"\" src=\"http:\/\/www.flurhof.com\/web\/wp-content\/uploads\/2013\/02\/P1240457-300x168.jpg\" alt=\"\" width=\"300\" height=\"168\" \/><\/a><\/p>\n<p>Pferdewechsel &#8211; und jeder packt mit an!<\/p>\n<p><a href=\"http:\/\/www.flurhof.com\/web\/wp-content\/uploads\/2013\/02\/P1240555.jpg\" data-rel=\"lightbox-gallery-dnzyvb9J\" data-rl_title=\"\" data-rl_caption=\"\"><img loading=\"lazy\" decoding=\"async\" class=\"alignnone size-medium wp-image-5507\" title=\"\" src=\"http:\/\/www.flurhof.com\/web\/wp-content\/uploads\/2013\/02\/P1240555-168x300.jpg\" alt=\"\" width=\"168\" height=\"300\" \/><\/a><\/p>\n<p>Die Spannung steigt!!<\/p>\n<p><a href=\"http:\/\/www.flurhof.com\/web\/wp-content\/uploads\/2013\/02\/P1240534.jpg\" data-rel=\"lightbox-gallery-dnzyvb9J\" data-rl_title=\"\" data-rl_caption=\"\"><img loading=\"lazy\" decoding=\"async\" class=\"alignnone size-medium wp-image-5503\" title=\"\" src=\"http:\/\/www.flurhof.com\/web\/wp-content\/uploads\/2013\/02\/P1240534-168x300.jpg\" alt=\"\" width=\"168\" height=\"300\" \/><\/a><\/p>\n<p>Und kaum sind die Ritte absolviert springt Laura als Helferlein f\u00fcr die anderen Reiter ein \ud83d\ude42<\/p>\n<p><a href=\"http:\/\/www.flurhof.com\/web\/wp-content\/uploads\/2013\/02\/P1240406.jpg\" data-rel=\"lightbox-gallery-dnzyvb9J\" data-rl_title=\"\" data-rl_caption=\"\"><img loading=\"lazy\" decoding=\"async\" class=\"alignnone size-medium wp-image-5492\" title=\"\" src=\"http:\/\/www.flurhof.com\/web\/wp-content\/uploads\/2013\/02\/P1240406-300x168.jpg\" alt=\"\" width=\"300\" height=\"168\" \/><\/a><\/p>\n<p>Carola traf so manches altbekannte Gesicht an: hier Paul Freim\u00fcller<\/p>\n<p><a href=\"http:\/\/www.flurhof.com\/web\/wp-content\/uploads\/2013\/02\/P1240532.jpg\" data-rel=\"lightbox-gallery-dnzyvb9J\" data-rl_title=\"\" data-rl_caption=\"\"><img loading=\"lazy\" decoding=\"async\" class=\"alignnone size-medium wp-image-5502\" title=\"\" src=\"http:\/\/www.flurhof.com\/web\/wp-content\/uploads\/2013\/02\/P1240532-300x168.jpg\" alt=\"\" width=\"300\" height=\"168\" \/><\/a><\/p>\n<p>Das Flurhof Team war wohl zu schnell: wir h\u00e4ngen in der Warteschleife!! \ud83d\ude09<\/p>\n<p><a href=\"http:\/\/www.flurhof.com\/web\/wp-content\/uploads\/2013\/02\/P1240431.jpg\" data-rel=\"lightbox-gallery-dnzyvb9J\" data-rl_title=\"\" data-rl_caption=\"\"><img loading=\"lazy\" decoding=\"async\" class=\"alignnone size-medium wp-image-5497\" title=\"\" src=\"http:\/\/www.flurhof.com\/web\/wp-content\/uploads\/2013\/02\/P1240431-300x168.jpg\" alt=\"\" width=\"300\" height=\"168\" \/><\/a><\/p>\n<p>Martina und Klaus Brammertz waren schnell ein eingspieltes Team<\/p>\n<p><a href=\"http:\/\/www.flurhof.com\/web\/wp-content\/uploads\/2013\/02\/P1240289.jpg\" data-rel=\"lightbox-gallery-dnzyvb9J\" data-rl_title=\"\" data-rl_caption=\"\"><img loading=\"lazy\" decoding=\"async\" class=\"alignnone size-medium wp-image-5477\" title=\"\" src=\"http:\/\/www.flurhof.com\/web\/wp-content\/uploads\/2013\/02\/P1240289-300x168.jpg\" alt=\"\" width=\"300\" height=\"168\" \/><\/a><\/p>\n<p>Trotz klirrender K\u00e4lte herrschte am Abreiteplatz beste Laune und die Motivation war nicht zu bremsen!<\/p>\n<p><a href=\"http:\/\/www.flurhof.com\/web\/wp-content\/uploads\/2013\/02\/P1240297.jpg\" data-rel=\"lightbox-gallery-dnzyvb9J\" data-rl_title=\"\" data-rl_caption=\"\"><img loading=\"lazy\" decoding=\"async\" class=\"alignnone size-medium wp-image-5478\" title=\"\" src=\"http:\/\/www.flurhof.com\/web\/wp-content\/uploads\/2013\/02\/P1240297-300x168.jpg\" alt=\"\" width=\"300\" height=\"168\" \/><\/a><\/p>\n<p>Letzte Outfit-Optimierungen werden vorgenommen \ud83d\ude09<\/p>\n<p><a href=\"http:\/\/www.flurhof.com\/web\/wp-content\/uploads\/2013\/02\/P1240380.jpg\" data-rel=\"lightbox-gallery-dnzyvb9J\" data-rl_title=\"\" data-rl_caption=\"\"><img loading=\"lazy\" decoding=\"async\" class=\"alignnone size-medium wp-image-5489\" title=\"\" src=\"http:\/\/www.flurhof.com\/web\/wp-content\/uploads\/2013\/02\/P1240380-168x300.jpg\" alt=\"\" width=\"168\" height=\"300\" \/><\/a><\/p>\n<p>Sieh an: auch Janis und Otto mischen sich ins Geschehen ein!<\/p>\n<p><a href=\"http:\/\/www.flurhof.com\/web\/wp-content\/uploads\/2013\/02\/P1240343.jpg\" data-rel=\"lightbox-gallery-dnzyvb9J\" data-rl_title=\"\" data-rl_caption=\"\"><img loading=\"lazy\" decoding=\"async\" class=\"alignnone size-medium wp-image-5479\" title=\"\" src=\"http:\/\/www.flurhof.com\/web\/wp-content\/uploads\/2013\/02\/P1240343-300x168.jpg\" alt=\"\" width=\"300\" height=\"168\" \/><\/a><\/p>\n<p>Und schon amteten Marek und Martina auch als Pflegerlein \ud83d\ude09<\/p>\n<p><a href=\"http:\/\/www.flurhof.com\/web\/wp-content\/uploads\/2013\/02\/P1240370.jpg\" data-rel=\"lightbox-gallery-dnzyvb9J\" data-rl_title=\"\" data-rl_caption=\"\"><img loading=\"lazy\" decoding=\"async\" class=\"alignnone size-medium wp-image-5487\" title=\"\" src=\"http:\/\/www.flurhof.com\/web\/wp-content\/uploads\/2013\/02\/P1240370-168x300.jpg\" alt=\"\" width=\"168\" height=\"300\" \/><\/a><\/p>\n<p>Kaum war Janis da \u00fcbernahm sie das Ruder als Chef-Pflegerin \ud83d\ude42<\/p>\n<p><a href=\"http:\/\/www.flurhof.com\/web\/wp-content\/uploads\/2013\/02\/P1240409.jpg\" data-rel=\"lightbox-gallery-dnzyvb9J\" data-rl_title=\"\" data-rl_caption=\"\"><img loading=\"lazy\" decoding=\"async\" class=\"alignnone size-medium wp-image-5493\" title=\"\" src=\"http:\/\/www.flurhof.com\/web\/wp-content\/uploads\/2013\/02\/P1240409-300x168.jpg\" alt=\"\" width=\"300\" height=\"168\" \/><\/a><\/p>\n<p>Ueber eine Pause im Warmen waren aber doch alle erleichtert<\/p>\n<p><a href=\"http:\/\/www.flurhof.com\/web\/wp-content\/uploads\/2013\/02\/P1240412.jpg\" data-rel=\"lightbox-gallery-dnzyvb9J\" data-rl_title=\"\" data-rl_caption=\"\"><img loading=\"lazy\" decoding=\"async\" class=\"alignnone size-medium wp-image-5494\" title=\"\" src=\"http:\/\/www.flurhof.com\/web\/wp-content\/uploads\/2013\/02\/P1240412-300x168.jpg\" alt=\"\" width=\"300\" height=\"168\" \/><\/a><\/p>\n<p>Der kleine Bodo kam nat\u00fcrlich nicht zu kurz: Knuddeln vor dem Start muss sein \ud83d\ude09<\/p>\n<p><a href=\"http:\/\/www.flurhof.com\/web\/wp-content\/uploads\/2013\/02\/P1240366.jpg\" data-rel=\"lightbox-gallery-dnzyvb9J\" data-rl_title=\"\" data-rl_caption=\"\"><img loading=\"lazy\" decoding=\"async\" class=\"alignnone size-medium wp-image-5486\" title=\"\" src=\"http:\/\/www.flurhof.com\/web\/wp-content\/uploads\/2013\/02\/P1240366-168x300.jpg\" alt=\"\" width=\"168\" height=\"300\" \/><\/a><\/p>\n<p>Und alle hinterher!!! Auf Ottos Kampflinie reiten alle zum Erfolg \ud83d\ude09<\/p>\n<p><a href=\"http:\/\/www.flurhof.com\/web\/wp-content\/uploads\/2013\/02\/P1240386.jpg\" data-rel=\"lightbox-gallery-dnzyvb9J\" data-rl_title=\"\" data-rl_caption=\"\"><img loading=\"lazy\" decoding=\"async\" class=\"alignnone size-medium wp-image-5491\" title=\"\" src=\"http:\/\/www.flurhof.com\/web\/wp-content\/uploads\/2013\/02\/P1240386-168x300.jpg\" alt=\"\" width=\"168\" height=\"300\" \/><\/a><\/p>\n<p>Uiuiui &#8211; da wird der Vera wortw\u00f6rtlich die Kappe runtergeputzt &#8211; was war da wohl los?? \ud83d\ude09<\/p>\n<p><a href=\"http:\/\/www.flurhof.com\/web\/wp-content\/uploads\/2013\/02\/P1240384.jpg\" data-rel=\"lightbox-gallery-dnzyvb9J\" data-rl_title=\"\" data-rl_caption=\"\"><img loading=\"lazy\" decoding=\"async\" class=\"alignnone size-medium wp-image-5490\" title=\"\" src=\"http:\/\/www.flurhof.com\/web\/wp-content\/uploads\/2013\/02\/P1240384-300x168.jpg\" alt=\"\" width=\"300\" height=\"168\" \/><\/a><\/p>\n<p>Traute Zweisamkeit<\/p>\n<p><a href=\"http:\/\/www.flurhof.com\/web\/wp-content\/uploads\/2013\/02\/P1240351.jpg\" data-rel=\"lightbox-gallery-dnzyvb9J\" data-rl_title=\"\" data-rl_caption=\"\"><img loading=\"lazy\" decoding=\"async\" class=\"alignnone size-medium wp-image-5481\" title=\"\" src=\"http:\/\/www.flurhof.com\/web\/wp-content\/uploads\/2013\/02\/P1240351-300x168.jpg\" alt=\"\" width=\"300\" height=\"168\" \/><\/a><\/p>\n<p>Martina und Vera k\u00fcmmerten sich w\u00e4hrenddessen um Bodolino \ud83d\ude42<\/p>\n<p><a href=\"http:\/\/www.flurhof.com\/web\/wp-content\/uploads\/2013\/02\/P1240360.jpg\" data-rel=\"lightbox-gallery-dnzyvb9J\" data-rl_title=\"\" data-rl_caption=\"\"><img loading=\"lazy\" decoding=\"async\" class=\"alignnone size-medium wp-image-5484\" title=\"\" src=\"http:\/\/www.flurhof.com\/web\/wp-content\/uploads\/2013\/02\/P1240360-300x168.jpg\" alt=\"\" width=\"300\" height=\"168\" \/><\/a><\/p>\n<p>So schnell kanns gehen und Bodo ist wieder in Ottos und Carolas Armen \ud83d\ude09<\/p>\n<p><a href=\"http:\/\/www.flurhof.com\/web\/wp-content\/uploads\/2013\/02\/P1240358.jpg\" data-rel=\"lightbox-gallery-dnzyvb9J\" data-rl_title=\"\" data-rl_caption=\"\"><img loading=\"lazy\" decoding=\"async\" class=\"alignnone size-medium wp-image-5483\" title=\"\" src=\"http:\/\/www.flurhof.com\/web\/wp-content\/uploads\/2013\/02\/P1240358-300x168.jpg\" alt=\"\" width=\"300\" height=\"168\" \/><\/a><\/p>\n<p>Martina und Willy im Expertengespr\u00e4ch<\/p>\n<p><a href=\"http:\/\/www.flurhof.com\/web\/wp-content\/uploads\/2013\/02\/P1240346.jpg\" data-rel=\"lightbox-gallery-dnzyvb9J\" data-rl_title=\"\" data-rl_caption=\"\"><img loading=\"lazy\" decoding=\"async\" class=\"alignnone size-medium wp-image-5480\" title=\"\" src=\"http:\/\/www.flurhof.com\/web\/wp-content\/uploads\/2013\/02\/P1240346-168x300.jpg\" alt=\"\" width=\"168\" height=\"300\" \/><\/a><\/p>\n<p>Otto und R\u00f6li &#8211; kampfbereit wie noch nie \ud83d\ude09<\/p>\n<p><a href=\"http:\/\/www.flurhof.com\/web\/wp-content\/uploads\/2013\/02\/P1240372.jpg\" data-rel=\"lightbox-gallery-dnzyvb9J\" data-rl_title=\"\" data-rl_caption=\"\"><img loading=\"lazy\" decoding=\"async\" class=\"alignnone size-medium wp-image-5488\" title=\"\" src=\"http:\/\/www.flurhof.com\/web\/wp-content\/uploads\/2013\/02\/P1240372-168x300.jpg\" alt=\"\" width=\"168\" height=\"300\" \/><\/a><\/p>\n<p>Also eigentlich sollte die Decke ja aufs Pferd &#8211; aber Marek sieht zu dass Vera nicht frieren muss \ud83d\ude09<\/p>\n<p><a href=\"http:\/\/www.flurhof.com\/web\/wp-content\/uploads\/2013\/02\/P1240428.jpg\" data-rel=\"lightbox-gallery-dnzyvb9J\" data-rl_title=\"\" data-rl_caption=\"\"><img loading=\"lazy\" decoding=\"async\" class=\"alignnone size-medium wp-image-5496\" title=\"\" src=\"http:\/\/www.flurhof.com\/web\/wp-content\/uploads\/2013\/02\/P1240428-300x168.jpg\" alt=\"\" width=\"300\" height=\"168\" \/><\/a><\/p>\n<p>Nach so einem erfolgreichen Turnier herrscht auch bei der Heimfahrt beste Laune<\/p>\n<p>&nbsp;<\/p>\n","protected":false},"excerpt":{"rendered":"<p>Weil es vergangenes Wochenende so sch\u00f6n war in Erlen bev\u00f6lkerten zahlreiche Flurh\u00f6fler auch dieses Wochenende wieder den Concours in Erlen. Unsere Reiter Martina, Marek, Otto, Manuela, Laura und Andy k\u00e4mpften angefangen bei B70 bis N135 in jeglichen Klassen. Mit LKW und Pferdeh\u00e4ngern und umfangreichen Pflegepersonal ausgestattet liess auch der Erfolg nicht lange warten. Laura konnte [&hellip;]<\/p>\n","protected":false},"author":1,"featured_media":0,"comment_status":"closed","ping_status":"closed","sticky":false,"template":"","format":"standard","meta":{"_acf_changed":false,"footnotes":""},"categories":[6],"tags":[],"class_list":["post-5475","post","type-post","status-publish","format-standard","hentry","category-news-aktuelles"],"acf":[],"_links":{"self":[{"href":"https:\/\/flurhof.com\/index.php\/wp-json\/wp\/v2\/posts\/5475","targetHints":{"allow":["GET"]}}],"collection":[{"href":"https:\/\/flurhof.com\/index.php\/wp-json\/wp\/v2\/posts"}],"about":[{"href":"https:\/\/flurhof.com\/index.php\/wp-json\/wp\/v2\/types\/post"}],"author":[{"embeddable":true,"href":"https:\/\/flurhof.com\/index.php\/wp-json\/wp\/v2\/users\/1"}],"replies":[{"embeddable":true,"href":"https:\/\/flurhof.com\/index.php\/wp-json\/wp\/v2\/comments?post=5475"}],"version-history":[{"count":0,"href":"https:\/\/flurhof.com\/index.php\/wp-json\/wp\/v2\/posts\/5475\/revisions"}],"wp:attachment":[{"href":"https:\/\/flurhof.com\/index.php\/wp-json\/wp\/v2\/media?parent=5475"}],"wp:term":[{"taxonomy":"category","embeddable":true,"href":"https:\/\/flurhof.com\/index.php\/wp-json\/wp\/v2\/categories?post=5475"},{"taxonomy":"post_tag","embeddable":true,"href":"https:\/\/flurhof.com\/index.php\/wp-json\/wp\/v2\/tags?post=5475"}],"curies":[{"name":"wp","href":"https:\/\/api.w.org\/{rel}","templated":true}]}}