


{"id":5287,"date":"2012-12-26T17:06:52","date_gmt":"2012-12-26T17:06:52","guid":{"rendered":"http:\/\/www.flurhof.com\/web\/?p=5287"},"modified":"2012-12-26T17:06:52","modified_gmt":"2012-12-26T17:06:52","slug":"stefani-turnier-in-meiningen-am-26-dezember-2012","status":"publish","type":"post","link":"https:\/\/flurhof.com\/index.php\/2012\/12\/26\/stefani-turnier-in-meiningen-am-26-dezember-2012\/","title":{"rendered":"Stefani Turnier in Meiningen am 26. Dezember 2012"},"content":{"rendered":"<p>Am Mittwoch den 26.12. machten sich die Flurh\u00f6fler im Konvoi auf nach Meiningen um auf der Anlage der befreundeten Familie Raskin am &#8211; haltet euch fest &#8211; DRESSURTURNIER teilzunehmen!! Nachdem die Springer von Carola zum Dressureinsatz verdonnert wurden \u00fcbten Manuela, Cindy, Steffi, Vera und Kathi wie die Wilden und die Ergebnisse konnten sich durchaus sehen lassen \ud83d\ude09<\/p>\n<p>Die M\u00e4dels sahnten ab und so ging der Siegerpokal jeder Pr\u00fcfung an den Flurhof \ud83d\ude42<\/p>\n<p>Herzliche Gratulation an alle unseren erfolgreichen Dressurreitern \ud83d\ude09<\/p>\n<p><a href=\"http:\/\/www.flurhof.com\/web\/wp-content\/uploads\/2012\/12\/IMG_0374.jpg\" data-rel=\"lightbox-gallery-3iVLsryG\" data-rl_title=\"\" data-rl_caption=\"\"><img loading=\"lazy\" decoding=\"async\" class=\"alignnone size-medium wp-image-5292\" title=\"\" src=\"http:\/\/www.flurhof.com\/web\/wp-content\/uploads\/2012\/12\/IMG_0374-225x300.jpg\" alt=\"\" width=\"225\" height=\"300\" \/><\/a><\/p>\n<p>Afidji und Kathi feierten ihre Dressurpremiere &#8211; Hurra ein zweiter Rang!!<\/p>\n<p><a href=\"http:\/\/www.flurhof.com\/web\/wp-content\/uploads\/2012\/12\/IMG_0420.jpg\" data-rel=\"lightbox-gallery-3iVLsryG\" data-rl_title=\"\" data-rl_caption=\"\"><img loading=\"lazy\" decoding=\"async\" class=\"alignnone size-medium wp-image-5298\" title=\"\" src=\"http:\/\/www.flurhof.com\/web\/wp-content\/uploads\/2012\/12\/IMG_0420-225x300.jpg\" alt=\"\" width=\"225\" height=\"300\" \/><\/a><\/p>\n<p>Car\u00f6lchen unterst\u00fctzte ihre Sch\u00fctzlinge &#8211; aber Mittagspause muss sein \ud83d\ude09<\/p>\n<p><a href=\"http:\/\/www.flurhof.com\/web\/wp-content\/uploads\/2012\/12\/IMG_0411.jpg\" data-rel=\"lightbox-gallery-3iVLsryG\" data-rl_title=\"\" data-rl_caption=\"\"><img loading=\"lazy\" decoding=\"async\" class=\"alignnone size-medium wp-image-5295\" title=\"\" src=\"http:\/\/www.flurhof.com\/web\/wp-content\/uploads\/2012\/12\/IMG_0411-225x300.jpg\" alt=\"\" width=\"225\" height=\"300\" \/><\/a><\/p>\n<p>Auch Martina und Thibault liessen sich vom Dressurfieber packen und waren in der ersten Reihe um ihren Afidji im Dressurviereck zu bewundern \ud83d\ude42<\/p>\n<p><a href=\"http:\/\/www.flurhof.com\/web\/wp-content\/uploads\/2012\/12\/IMG_1058.jpg\" data-rel=\"lightbox-gallery-3iVLsryG\" data-rl_title=\"\" data-rl_caption=\"\"><img loading=\"lazy\" decoding=\"async\" class=\"alignnone size-medium wp-image-5301\" title=\"\" src=\"http:\/\/www.flurhof.com\/web\/wp-content\/uploads\/2012\/12\/IMG_1058-300x225.jpg\" alt=\"\" width=\"300\" height=\"225\" \/><\/a><\/p>\n<p>Familie Klien liess sich dieses Dressurturnier nat\u00fcrlich nicht entgehen<\/p>\n<p><a href=\"http:\/\/www.flurhof.com\/web\/wp-content\/uploads\/2012\/12\/IMG_1068.jpg\" data-rel=\"lightbox-gallery-3iVLsryG\" data-rl_title=\"\" data-rl_caption=\"\"><img loading=\"lazy\" decoding=\"async\" class=\"alignnone size-medium wp-image-5303\" title=\"\" src=\"http:\/\/www.flurhof.com\/web\/wp-content\/uploads\/2012\/12\/IMG_1068-225x300.jpg\" alt=\"\" width=\"225\" height=\"300\" \/><\/a><\/p>\n<p>Manu und Blessing kurz vor dem Start<\/p>\n<p><a href=\"http:\/\/www.flurhof.com\/web\/wp-content\/uploads\/2012\/12\/IMG_0398.jpg\" data-rel=\"lightbox-gallery-3iVLsryG\" data-rl_title=\"\" data-rl_caption=\"\"><img loading=\"lazy\" decoding=\"async\" class=\"alignnone size-medium wp-image-5293\" title=\"\" src=\"http:\/\/www.flurhof.com\/web\/wp-content\/uploads\/2012\/12\/IMG_0398-225x300.jpg\" alt=\"\" width=\"225\" height=\"300\" \/><\/a><\/p>\n<p>uuuuuuuuuuuund Doppelsieg!!!!!<\/p>\n<p><a href=\"http:\/\/www.flurhof.com\/web\/wp-content\/uploads\/2012\/12\/IMG_0368.jpg\" data-rel=\"lightbox-gallery-3iVLsryG\" data-rl_title=\"\" data-rl_caption=\"\"><img loading=\"lazy\" decoding=\"async\" class=\"alignnone size-medium wp-image-5291\" title=\"\" src=\"http:\/\/www.flurhof.com\/web\/wp-content\/uploads\/2012\/12\/IMG_0368-225x300.jpg\" alt=\"\" width=\"225\" height=\"300\" \/><\/a><\/p>\n<p>Kathi und Vera beim gemeinsamen Abreiten<\/p>\n<p><a href=\"http:\/\/www.flurhof.com\/web\/wp-content\/uploads\/2012\/12\/IMG_0406.jpg\" data-rel=\"lightbox-gallery-3iVLsryG\" data-rl_title=\"\" data-rl_caption=\"\"><img loading=\"lazy\" decoding=\"async\" class=\"alignnone size-medium wp-image-5294\" title=\"\" src=\"http:\/\/www.flurhof.com\/web\/wp-content\/uploads\/2012\/12\/IMG_0406-225x300.jpg\" alt=\"\" width=\"225\" height=\"300\" \/><\/a><\/p>\n<p>Auch hier waren die Ergebnisse \u00fcberzeugend und die Trainerin stolz \ud83d\ude09<\/p>\n<p><a href=\"http:\/\/www.flurhof.com\/web\/wp-content\/uploads\/2012\/12\/IMG_0419.jpg\" data-rel=\"lightbox-gallery-3iVLsryG\" data-rl_title=\"\" data-rl_caption=\"\"><img loading=\"lazy\" decoding=\"async\" class=\"alignnone size-medium wp-image-5297\" title=\"\" src=\"http:\/\/www.flurhof.com\/web\/wp-content\/uploads\/2012\/12\/IMG_0419-274x300.jpg\" alt=\"\" width=\"274\" height=\"300\" \/><\/a><\/p>\n<p>Otto bevorzugte es die sozialen Kontakte zu pflegen \ud83d\ude09<\/p>\n<p><a href=\"http:\/\/www.flurhof.com\/web\/wp-content\/uploads\/2012\/12\/IMG_0424.jpg\" data-rel=\"lightbox-gallery-3iVLsryG\" data-rl_title=\"\" data-rl_caption=\"\"><img loading=\"lazy\" decoding=\"async\" class=\"alignnone size-medium wp-image-5299\" title=\"\" src=\"http:\/\/www.flurhof.com\/web\/wp-content\/uploads\/2012\/12\/IMG_0424-225x300.jpg\" alt=\"\" width=\"225\" height=\"300\" \/><\/a><\/p>\n<p>Steffi und Cindy liessen sich von der Konkurrenz nicht beeindrucken \ud83d\ude09<\/p>\n<p>Mit einem zweiten Rang f\u00fcr Cindy und einem sechsten Rang f\u00fcr Steffi bewiesen die Springer dass sie auch in anderen Kategorien erfolgreich sein k\u00f6nnen!!<\/p>\n<p><a href=\"http:\/\/www.flurhof.com\/web\/wp-content\/uploads\/2012\/12\/IMG_0435.jpg\" data-rel=\"lightbox-gallery-3iVLsryG\" data-rl_title=\"\" data-rl_caption=\"\"><img loading=\"lazy\" decoding=\"async\" class=\"alignnone size-medium wp-image-5300\" title=\"\" src=\"http:\/\/www.flurhof.com\/web\/wp-content\/uploads\/2012\/12\/IMG_0435-225x300.jpg\" alt=\"\" width=\"225\" height=\"300\" \/><\/a><\/p>\n<p>Martina und Carola an vorderster Front \ud83d\ude09<\/p>\n<p><a href=\"http:\/\/www.flurhof.com\/web\/wp-content\/uploads\/2012\/12\/IMG_0415.jpg\" data-rel=\"lightbox-gallery-3iVLsryG\" data-rl_title=\"\" data-rl_caption=\"\"><img loading=\"lazy\" decoding=\"async\" class=\"alignnone size-medium wp-image-5296\" title=\"\" src=\"http:\/\/www.flurhof.com\/web\/wp-content\/uploads\/2012\/12\/IMG_0415-225x300.jpg\" alt=\"\" width=\"225\" height=\"300\" \/><\/a><\/p>\n<p>Fanclub Flurhof war in der Festwirtschaft gut vertreten<\/p>\n<p><a href=\"http:\/\/www.flurhof.com\/web\/wp-content\/uploads\/2012\/12\/IMG_1074.jpg\" data-rel=\"lightbox-gallery-3iVLsryG\" data-rl_title=\"\" data-rl_caption=\"\"><img loading=\"lazy\" decoding=\"async\" class=\"alignnone size-medium wp-image-5288\" title=\"\" src=\"http:\/\/www.flurhof.com\/web\/wp-content\/uploads\/2012\/12\/IMG_1074-225x300.jpg\" alt=\"\" width=\"225\" height=\"300\" \/><\/a><\/p>\n<p>Sponsor Andy war zufrieden mit der Leistung \ud83d\ude09<\/p>\n<p><a href=\"http:\/\/www.flurhof.com\/web\/wp-content\/uploads\/2012\/12\/IMG_1059.jpg\" data-rel=\"lightbox-gallery-3iVLsryG\" data-rl_title=\"\" data-rl_caption=\"\"><img loading=\"lazy\" decoding=\"async\" class=\"alignnone size-medium wp-image-5302\" title=\"\" src=\"http:\/\/www.flurhof.com\/web\/wp-content\/uploads\/2012\/12\/IMG_1059-300x225.jpg\" alt=\"\" width=\"300\" height=\"225\" \/><\/a><\/p>\n<p>Nach erfolgreichen Starts war die Stimmung ausgelassen \ud83d\ude09<\/p>\n<p><a href=\"http:\/\/www.flurhof.com\/web\/wp-content\/uploads\/2012\/12\/IMG_1076.jpg\" data-rel=\"lightbox-gallery-3iVLsryG\" data-rl_title=\"\" data-rl_caption=\"\"><img loading=\"lazy\" decoding=\"async\" class=\"alignnone size-medium wp-image-5289\" title=\"\" src=\"http:\/\/www.flurhof.com\/web\/wp-content\/uploads\/2012\/12\/IMG_1076-225x300.jpg\" alt=\"\" width=\"225\" height=\"300\" \/><\/a><\/p>\n<p>Ohne Worte &#8230;..<\/p>\n<p><a href=\"http:\/\/www.flurhof.com\/web\/wp-content\/uploads\/2012\/12\/IMG_1077.jpg\" data-rel=\"lightbox-gallery-3iVLsryG\" data-rl_title=\"\" data-rl_caption=\"\"><img loading=\"lazy\" decoding=\"async\" class=\"alignnone size-medium wp-image-5290\" title=\"\" src=\"http:\/\/www.flurhof.com\/web\/wp-content\/uploads\/2012\/12\/IMG_1077-225x300.jpg\" alt=\"\" width=\"225\" height=\"300\" \/><\/a><\/p>\n<p>;D<\/p>\n","protected":false},"excerpt":{"rendered":"<p>Am Mittwoch den 26.12. machten sich die Flurh\u00f6fler im Konvoi auf nach Meiningen um auf der Anlage der befreundeten Familie Raskin am &#8211; haltet euch fest &#8211; DRESSURTURNIER teilzunehmen!! Nachdem die Springer von Carola zum Dressureinsatz verdonnert wurden \u00fcbten Manuela, Cindy, Steffi, Vera und Kathi wie die Wilden und die Ergebnisse konnten sich durchaus sehen [&hellip;]<\/p>\n","protected":false},"author":1,"featured_media":0,"comment_status":"closed","ping_status":"closed","sticky":false,"template":"","format":"standard","meta":{"_acf_changed":false,"footnotes":""},"categories":[6],"tags":[],"class_list":["post-5287","post","type-post","status-publish","format-standard","hentry","category-news-aktuelles"],"acf":[],"_links":{"self":[{"href":"https:\/\/flurhof.com\/index.php\/wp-json\/wp\/v2\/posts\/5287","targetHints":{"allow":["GET"]}}],"collection":[{"href":"https:\/\/flurhof.com\/index.php\/wp-json\/wp\/v2\/posts"}],"about":[{"href":"https:\/\/flurhof.com\/index.php\/wp-json\/wp\/v2\/types\/post"}],"author":[{"embeddable":true,"href":"https:\/\/flurhof.com\/index.php\/wp-json\/wp\/v2\/users\/1"}],"replies":[{"embeddable":true,"href":"https:\/\/flurhof.com\/index.php\/wp-json\/wp\/v2\/comments?post=5287"}],"version-history":[{"count":0,"href":"https:\/\/flurhof.com\/index.php\/wp-json\/wp\/v2\/posts\/5287\/revisions"}],"wp:attachment":[{"href":"https:\/\/flurhof.com\/index.php\/wp-json\/wp\/v2\/media?parent=5287"}],"wp:term":[{"taxonomy":"category","embeddable":true,"href":"https:\/\/flurhof.com\/index.php\/wp-json\/wp\/v2\/categories?post=5287"},{"taxonomy":"post_tag","embeddable":true,"href":"https:\/\/flurhof.com\/index.php\/wp-json\/wp\/v2\/tags?post=5287"}],"curies":[{"name":"wp","href":"https:\/\/api.w.org\/{rel}","templated":true}]}}