


{"id":4449,"date":"2012-04-24T09:08:37","date_gmt":"2012-04-24T09:08:37","guid":{"rendered":"http:\/\/www.flurhof.com\/web\/?p=4449"},"modified":"2012-04-24T09:08:37","modified_gmt":"2012-04-24T09:08:37","slug":"dressurkonkurrenz-dietikon-21-april","status":"publish","type":"post","link":"https:\/\/flurhof.com\/index.php\/2012\/04\/24\/dressurkonkurrenz-dietikon-21-april\/","title":{"rendered":"Dressurkonkurrenz Dietikon 21. April"},"content":{"rendered":"<p>W\u00e4hrend der Gro\u00dfteil der Flurh\u00f6fler in Bregenz um Springerfolge k\u00e4mpfte machte sich Vera in Begleitung von ihrem Vater mit den Pferden Riscal und Loradus auf nach Dietikon. Fr\u00fch morgens wurde der weite Weg angetreten um im GA 05 sowie im GA 07 teilzunehmen.<\/p>\n<p>Vera konnte sich gegen die starke Konkurrenz durchsetzten und errang mit beiden Pferden eine Platzierung &#8211; herzliche Gratulation!<\/p>\n<p>&nbsp;<\/p>\n<p>Impressionen:<\/p>\n<p><a href=\"http:\/\/www.flurhof.com\/web\/wp-content\/uploads\/2012\/04\/PR2_6068.jpg\" data-rel=\"lightbox-gallery-8Bvi6cmr\" data-rl_title=\"\" data-rl_caption=\"\"><img loading=\"lazy\" decoding=\"async\" class=\"alignnone size-medium wp-image-4450\" title=\"\" src=\"http:\/\/www.flurhof.com\/web\/wp-content\/uploads\/2012\/04\/PR2_6068-219x300.jpg\" alt=\"\" width=\"219\" height=\"300\" \/><\/a><\/p>\n<p>Der Gruss &#8211; und los geht&#8217;s \ud83d\ude09<\/p>\n<p><a href=\"http:\/\/www.flurhof.com\/web\/wp-content\/uploads\/2012\/04\/PR2_6073.jpg\" data-rel=\"lightbox-gallery-8Bvi6cmr\" data-rl_title=\"\" data-rl_caption=\"\"><img loading=\"lazy\" decoding=\"async\" class=\"alignnone size-medium wp-image-4451\" title=\"\" src=\"http:\/\/www.flurhof.com\/web\/wp-content\/uploads\/2012\/04\/PR2_6073-300x177.jpg\" alt=\"\" width=\"300\" height=\"177\" \/><\/a><\/p>\n<p>Loradus voll in Fahrt<\/p>\n<p><a href=\"http:\/\/www.flurhof.com\/web\/wp-content\/uploads\/2012\/04\/PR2_7083.jpg\" data-rel=\"lightbox-gallery-8Bvi6cmr\" data-rl_title=\"\" data-rl_caption=\"\"><img loading=\"lazy\" decoding=\"async\" class=\"alignnone size-medium wp-image-4453\" title=\"\" src=\"http:\/\/www.flurhof.com\/web\/wp-content\/uploads\/2012\/04\/PR2_7083-300x174.jpg\" alt=\"\" width=\"300\" height=\"174\" \/><\/a><\/p>\n<p>Auch Riscal zeigte was er kann<\/p>\n","protected":false},"excerpt":{"rendered":"<p>W\u00e4hrend der Gro\u00dfteil der Flurh\u00f6fler in Bregenz um Springerfolge k\u00e4mpfte machte sich Vera in Begleitung von ihrem Vater mit den Pferden Riscal und Loradus auf nach Dietikon. Fr\u00fch morgens wurde der weite Weg angetreten um im GA 05 sowie im GA 07 teilzunehmen. Vera konnte sich gegen die starke Konkurrenz durchsetzten und errang mit beiden [&hellip;]<\/p>\n","protected":false},"author":1,"featured_media":0,"comment_status":"closed","ping_status":"closed","sticky":false,"template":"","format":"standard","meta":{"_acf_changed":false,"footnotes":""},"categories":[6],"tags":[],"class_list":["post-4449","post","type-post","status-publish","format-standard","hentry","category-news-aktuelles"],"acf":[],"_links":{"self":[{"href":"https:\/\/flurhof.com\/index.php\/wp-json\/wp\/v2\/posts\/4449","targetHints":{"allow":["GET"]}}],"collection":[{"href":"https:\/\/flurhof.com\/index.php\/wp-json\/wp\/v2\/posts"}],"about":[{"href":"https:\/\/flurhof.com\/index.php\/wp-json\/wp\/v2\/types\/post"}],"author":[{"embeddable":true,"href":"https:\/\/flurhof.com\/index.php\/wp-json\/wp\/v2\/users\/1"}],"replies":[{"embeddable":true,"href":"https:\/\/flurhof.com\/index.php\/wp-json\/wp\/v2\/comments?post=4449"}],"version-history":[{"count":0,"href":"https:\/\/flurhof.com\/index.php\/wp-json\/wp\/v2\/posts\/4449\/revisions"}],"wp:attachment":[{"href":"https:\/\/flurhof.com\/index.php\/wp-json\/wp\/v2\/media?parent=4449"}],"wp:term":[{"taxonomy":"category","embeddable":true,"href":"https:\/\/flurhof.com\/index.php\/wp-json\/wp\/v2\/categories?post=4449"},{"taxonomy":"post_tag","embeddable":true,"href":"https:\/\/flurhof.com\/index.php\/wp-json\/wp\/v2\/tags?post=4449"}],"curies":[{"name":"wp","href":"https:\/\/api.w.org\/{rel}","templated":true}]}}