


{"id":4308,"date":"2012-04-07T07:39:26","date_gmt":"2012-04-07T07:39:26","guid":{"rendered":"http:\/\/www.flurhof.com\/web\/?p=4308"},"modified":"2012-04-07T07:39:26","modified_gmt":"2012-04-07T07:39:26","slug":"dressurturnier-dornbirn-31-marz-1-april","status":"publish","type":"post","link":"https:\/\/flurhof.com\/index.php\/2012\/04\/07\/dressurturnier-dornbirn-31-marz-1-april\/","title":{"rendered":"Dressurturnier Dornbirn 31. M\u00e4rz &#8211; 1. April"},"content":{"rendered":"<p>W\u00e4hrend der Grossteil der Flurh\u00f6fler in Chur die Springkonkurrenz bestritten, machte sich Vera mit ihren Eltern und den Pferden Riscal und Loradus auch nach Dornbirn. Dort wurde auf der Reitanlage Eichenhof eine Dressurkonkurrenz ausgetragen, bei der Vera von A bis LM in allen Klassen startete.<\/p>\n<p>Bei ausgezeichnetem Wetter konnte Vera sich mit Riscal im A gegen die Konkurrenz durchsetzen und den 2. Rang erringen!<\/p>\n<p>Herzliche Gratulation!!<\/p>\n<p>&nbsp;<\/p>\n<p><a href=\"http:\/\/www.flurhof.com\/web\/wp-content\/uploads\/2012\/04\/DSCF6423.jpg\" data-rel=\"lightbox-gallery-mx5bq5KR\" data-rl_title=\"\" data-rl_caption=\"\"><img loading=\"lazy\" decoding=\"async\" class=\"alignnone size-medium wp-image-4309\" title=\"\" src=\"http:\/\/www.flurhof.com\/web\/wp-content\/uploads\/2012\/04\/DSCF6423-300x225.jpg\" alt=\"\" width=\"300\" height=\"225\" \/><\/a><\/p>\n<p>Kurz vor dem Start<\/p>\n<p><a href=\"http:\/\/www.flurhof.com\/web\/wp-content\/uploads\/2012\/04\/DSCF6429.jpg\" data-rel=\"lightbox-gallery-mx5bq5KR\" data-rl_title=\"\" data-rl_caption=\"\"><img loading=\"lazy\" decoding=\"async\" class=\"alignnone size-medium wp-image-4310\" title=\"\" src=\"http:\/\/www.flurhof.com\/web\/wp-content\/uploads\/2012\/04\/DSCF6429-300x225.jpg\" alt=\"\" width=\"300\" height=\"225\" \/><\/a><\/p>\n<p>Die Pferde wurden bestens umsorgt \ud83d\ude09<\/p>\n","protected":false},"excerpt":{"rendered":"<p>W\u00e4hrend der Grossteil der Flurh\u00f6fler in Chur die Springkonkurrenz bestritten, machte sich Vera mit ihren Eltern und den Pferden Riscal und Loradus auch nach Dornbirn. Dort wurde auf der Reitanlage Eichenhof eine Dressurkonkurrenz ausgetragen, bei der Vera von A bis LM in allen Klassen startete. Bei ausgezeichnetem Wetter konnte Vera sich mit Riscal im A [&hellip;]<\/p>\n","protected":false},"author":1,"featured_media":0,"comment_status":"closed","ping_status":"closed","sticky":false,"template":"","format":"standard","meta":{"_acf_changed":false,"footnotes":""},"categories":[1],"tags":[],"class_list":["post-4308","post","type-post","status-publish","format-standard","hentry","category-none"],"acf":[],"_links":{"self":[{"href":"https:\/\/flurhof.com\/index.php\/wp-json\/wp\/v2\/posts\/4308","targetHints":{"allow":["GET"]}}],"collection":[{"href":"https:\/\/flurhof.com\/index.php\/wp-json\/wp\/v2\/posts"}],"about":[{"href":"https:\/\/flurhof.com\/index.php\/wp-json\/wp\/v2\/types\/post"}],"author":[{"embeddable":true,"href":"https:\/\/flurhof.com\/index.php\/wp-json\/wp\/v2\/users\/1"}],"replies":[{"embeddable":true,"href":"https:\/\/flurhof.com\/index.php\/wp-json\/wp\/v2\/comments?post=4308"}],"version-history":[{"count":0,"href":"https:\/\/flurhof.com\/index.php\/wp-json\/wp\/v2\/posts\/4308\/revisions"}],"wp:attachment":[{"href":"https:\/\/flurhof.com\/index.php\/wp-json\/wp\/v2\/media?parent=4308"}],"wp:term":[{"taxonomy":"category","embeddable":true,"href":"https:\/\/flurhof.com\/index.php\/wp-json\/wp\/v2\/categories?post=4308"},{"taxonomy":"post_tag","embeddable":true,"href":"https:\/\/flurhof.com\/index.php\/wp-json\/wp\/v2\/tags?post=4308"}],"curies":[{"name":"wp","href":"https:\/\/api.w.org\/{rel}","templated":true}]}}