


{"id":4129,"date":"2012-03-04T19:10:23","date_gmt":"2012-03-04T19:10:23","guid":{"rendered":"http:\/\/www.flurhof.com\/web\/?p=4129"},"modified":"2012-03-04T19:10:23","modified_gmt":"2012-03-04T19:10:23","slug":"springturnier-wil-2-3-4-3-2012","status":"publish","type":"post","link":"https:\/\/flurhof.com\/index.php\/2012\/03\/04\/springturnier-wil-2-3-4-3-2012\/","title":{"rendered":"Springturnier Wil 2.3. &#8211; 4.3.2012"},"content":{"rendered":"<p>Auf der wundersch\u00f6nen Reitanlage der befreundeten Familie Erni fand vergangenes Wochenende das Springturnier Wil statt.<\/p>\n<p>Das super Wetter spiegelt sich auch in den tollen Resultaten, die die Flurh\u00f6fler erzielten.\u00a0 So zeigten alle wundersch\u00f6ne Runden und konnten sich verschiedenste Platzierungen ergattern.<\/p>\n<p>Vorne mit dabei waren Laura mit Jack und Viola mit Golden King, die beide einen Sieg verbuchen durften.<\/p>\n<p>Bei den Mannschaftsspringen, konnten sich alle 3 Teams des Flurhofs platzieren.<\/p>\n<p>Herzliche Gratulation an alle Teilnehmenden!!!!<\/p>\n<p>Hier einige Eindr\u00fccke f\u00fcr die Zur\u00fcckgebliebenen:<\/p>\n<p>&nbsp;<\/p>\n<p><a href=\"http:\/\/www.flurhof.com\/web\/wp-content\/uploads\/2012\/03\/IMG_0953.jpg\" data-rel=\"lightbox-gallery-KZAFD6B4\" data-rl_title=\"\" data-rl_caption=\"\"><img loading=\"lazy\" decoding=\"async\" class=\"alignnone size-medium wp-image-4132\" title=\"\" src=\"http:\/\/www.flurhof.com\/web\/wp-content\/uploads\/2012\/03\/IMG_0953-246x300.jpg\" alt=\"\" width=\"246\" height=\"300\" \/><\/a><\/p>\n<p>Katja und Lilliput Land tanken noch ein bisschen Sonne&#8230;<\/p>\n<p><a href=\"http:\/\/www.flurhof.com\/web\/wp-content\/uploads\/2012\/03\/IMG_0955.jpg\" data-rel=\"lightbox-gallery-KZAFD6B4\" data-rl_title=\"\" data-rl_caption=\"\"><img loading=\"lazy\" decoding=\"async\" class=\"alignnone size-medium wp-image-4134\" title=\"\" src=\"http:\/\/www.flurhof.com\/web\/wp-content\/uploads\/2012\/03\/IMG_0955-163x300.jpg\" alt=\"\" width=\"163\" height=\"300\" \/><\/a><\/p>\n<p>.. w\u00e4hrend Cheftrainer Willy mit Argusaugen dem Geschehen folgt&#8230;<\/p>\n<p><a href=\"http:\/\/www.flurhof.com\/web\/wp-content\/uploads\/2012\/03\/IMG_0969.jpg\" data-rel=\"lightbox-gallery-KZAFD6B4\" data-rl_title=\"\" data-rl_caption=\"\"><img loading=\"lazy\" decoding=\"async\" class=\"alignnone size-medium wp-image-4135\" title=\"\" src=\"http:\/\/www.flurhof.com\/web\/wp-content\/uploads\/2012\/03\/IMG_0969-300x200.jpg\" alt=\"\" width=\"300\" height=\"200\" \/><\/a><\/p>\n<p>&#8230;. Pippi und Cilot bereiten sich vor&#8230;.<\/p>\n<p><a href=\"http:\/\/www.flurhof.com\/web\/wp-content\/uploads\/2012\/03\/IMG_0971.jpg\" data-rel=\"lightbox-gallery-KZAFD6B4\" data-rl_title=\"\" data-rl_caption=\"\"><img loading=\"lazy\" decoding=\"async\" class=\"alignnone size-medium wp-image-4133\" title=\"\" src=\"http:\/\/www.flurhof.com\/web\/wp-content\/uploads\/2012\/03\/IMG_0971-300x200.jpg\" alt=\"\" width=\"300\" height=\"200\" \/><\/a><\/p>\n<p>&#8230; w\u00e4hrend Gabi Flessati die Filmkamera in Schwung bringt.. um auch alles zu dokumentieren&#8230;<\/p>\n<p><a href=\"http:\/\/www.flurhof.com\/web\/wp-content\/uploads\/2012\/03\/IMG_0991.jpg\" data-rel=\"lightbox-gallery-KZAFD6B4\" data-rl_title=\"\" data-rl_caption=\"\"><img loading=\"lazy\" decoding=\"async\" class=\"alignnone size-medium wp-image-4131\" title=\"\" src=\"http:\/\/www.flurhof.com\/web\/wp-content\/uploads\/2012\/03\/IMG_0991-300x200.jpg\" alt=\"\" width=\"300\" height=\"200\" \/><\/a><\/p>\n<p>&#8230; und schon konnten die ersten Preise eingeheimst werden \ud83d\ude42<\/p>\n<p><a href=\"http:\/\/www.flurhof.com\/web\/wp-content\/uploads\/2012\/03\/IMG_1098.jpg\" data-rel=\"lightbox-gallery-KZAFD6B4\" data-rl_title=\"\" data-rl_caption=\"\"><img loading=\"lazy\" decoding=\"async\" class=\"alignnone size-medium wp-image-4144\" title=\"\" src=\"http:\/\/www.flurhof.com\/web\/wp-content\/uploads\/2012\/03\/IMG_1098-300x199.jpg\" alt=\"\" width=\"300\" height=\"199\" \/><\/a><\/p>\n<p>So gings dann auch sofort weiter in die n\u00e4chste Runde und Cindy stiess auch dazu.. hier bei der gemeinsamen Parcoursbesichtigung mit Pippi<\/p>\n<p><a href=\"http:\/\/www.flurhof.com\/web\/wp-content\/uploads\/2012\/03\/IMG_1065.jpg\" data-rel=\"lightbox-gallery-KZAFD6B4\" data-rl_title=\"\" data-rl_caption=\"\"><img loading=\"lazy\" decoding=\"async\" class=\"alignnone size-medium wp-image-4143\" title=\"\" src=\"http:\/\/www.flurhof.com\/web\/wp-content\/uploads\/2012\/03\/IMG_1065-300x274.jpg\" alt=\"\" width=\"300\" height=\"274\" \/><\/a><\/p>\n<p>&#8230;. sofort folgen Taten \ud83d\ude42<\/p>\n<p><a href=\"http:\/\/www.flurhof.com\/web\/wp-content\/uploads\/2012\/03\/IMG_1143.jpg\" data-rel=\"lightbox-gallery-KZAFD6B4\" data-rl_title=\"\" data-rl_caption=\"\"><img loading=\"lazy\" decoding=\"async\" class=\"alignnone size-medium wp-image-4145\" title=\"\" src=\"http:\/\/www.flurhof.com\/web\/wp-content\/uploads\/2012\/03\/IMG_1143-300x200.jpg\" alt=\"\" width=\"300\" height=\"200\" \/><\/a><\/p>\n<p>&#8230;. die sich sehen lassen k\u00f6nnen!!!<\/p>\n<p><a href=\"http:\/\/www.flurhof.com\/web\/wp-content\/uploads\/2012\/03\/IMG_1170.jpg\" data-rel=\"lightbox-gallery-KZAFD6B4\" data-rl_title=\"\" data-rl_caption=\"\"><img loading=\"lazy\" decoding=\"async\" class=\"alignnone size-medium wp-image-4152\" title=\"\" src=\"http:\/\/www.flurhof.com\/web\/wp-content\/uploads\/2012\/03\/IMG_1170-223x300.jpg\" alt=\"\" width=\"223\" height=\"300\" \/><\/a><\/p>\n<p>&#8230; nat\u00fcrlich darf man auch die Menschen im Hintergrund nicht vergessen!<\/p>\n<p>Herzlichen Dank an die super Unterst\u00fctzung von Chefpferdepfleger Andy<\/p>\n<p><a href=\"http:\/\/www.flurhof.com\/web\/wp-content\/uploads\/2012\/03\/IMG_1168.jpg\" data-rel=\"lightbox-gallery-KZAFD6B4\" data-rl_title=\"\" data-rl_caption=\"\"><img loading=\"lazy\" decoding=\"async\" class=\"alignnone size-medium wp-image-4151\" title=\"\" src=\"http:\/\/www.flurhof.com\/web\/wp-content\/uploads\/2012\/03\/IMG_1168-300x200.jpg\" alt=\"\" width=\"300\" height=\"200\" \/><\/a><\/p>\n<p>Auch unsere Oberl\u00e4nder fanden den Weg vom Schnee ins sonnige Wil&#8230;<\/p>\n<p><a href=\"http:\/\/www.flurhof.com\/web\/wp-content\/uploads\/2012\/03\/IMG_1157.jpg\" data-rel=\"lightbox-gallery-KZAFD6B4\" data-rl_title=\"\" data-rl_caption=\"\"><img loading=\"lazy\" decoding=\"async\" class=\"alignnone size-medium wp-image-4149\" title=\"\" src=\"http:\/\/www.flurhof.com\/web\/wp-content\/uploads\/2012\/03\/IMG_1157-300x200.jpg\" alt=\"\" width=\"300\" height=\"200\" \/><\/a><\/p>\n<p>&#8230; was t\u00e4ten wir nur ohne Janis! Im Hintergrund sorgte sie stets f\u00fcr einen reibungslosen Ablauf!!!!<\/p>\n<p><a href=\"http:\/\/www.flurhof.com\/web\/wp-content\/uploads\/2012\/03\/IMG_1238.jpg\" data-rel=\"lightbox-gallery-KZAFD6B4\" data-rl_title=\"\" data-rl_caption=\"\"><img loading=\"lazy\" decoding=\"async\" class=\"alignnone size-medium wp-image-4153\" title=\"\" src=\"http:\/\/www.flurhof.com\/web\/wp-content\/uploads\/2012\/03\/IMG_1238-300x200.jpg\" alt=\"\" width=\"300\" height=\"200\" \/><\/a><\/p>\n<p>Was w\u00e4re ein Turnier ohne Roli????? unser Heinzelm\u00e4nnchen \ud83d\ude42<\/p>\n<p><a href=\"http:\/\/www.flurhof.com\/web\/wp-content\/uploads\/2012\/03\/IMG_1162.jpg\" data-rel=\"lightbox-gallery-KZAFD6B4\" data-rl_title=\"\" data-rl_caption=\"\"><img loading=\"lazy\" decoding=\"async\" class=\"alignnone size-medium wp-image-4150\" title=\"\" src=\"http:\/\/www.flurhof.com\/web\/wp-content\/uploads\/2012\/03\/IMG_1162-221x300.jpg\" alt=\"\" width=\"221\" height=\"300\" \/><\/a><\/p>\n<p>was stimmt hier nicht???? Genau&#8230; f\u00fcr einmal nimmt Lilliput Land den Platz von Skyfur ein&#8230;.<\/p>\n<p><a href=\"http:\/\/www.flurhof.com\/web\/wp-content\/uploads\/2012\/03\/IMG_1155.jpg\" data-rel=\"lightbox-gallery-KZAFD6B4\" data-rl_title=\"\" data-rl_caption=\"\"><img loading=\"lazy\" decoding=\"async\" class=\"alignnone size-medium wp-image-4148\" title=\"\" src=\"http:\/\/www.flurhof.com\/web\/wp-content\/uploads\/2012\/03\/IMG_1155-300x200.jpg\" alt=\"\" width=\"300\" height=\"200\" \/><\/a><\/p>\n<p>&#8230; das tolle Wetter weckt auch Fr\u00fchlingsgef\u00fchle&#8230;..<\/p>\n<p><a href=\"http:\/\/www.flurhof.com\/web\/wp-content\/uploads\/2012\/03\/IMG_1153.jpg\" data-rel=\"lightbox-gallery-KZAFD6B4\" data-rl_title=\"\" data-rl_caption=\"\"><img loading=\"lazy\" decoding=\"async\" class=\"alignnone size-medium wp-image-4147\" title=\"\" src=\"http:\/\/www.flurhof.com\/web\/wp-content\/uploads\/2012\/03\/IMG_1153-300x200.jpg\" alt=\"\" width=\"300\" height=\"200\" \/><\/a><\/p>\n<p>bei unseren Flurh\u00f6flern&#8230;<\/p>\n<p><a href=\"http:\/\/www.flurhof.com\/web\/wp-content\/uploads\/2012\/03\/IMG_1240.jpg\" data-rel=\"lightbox-gallery-KZAFD6B4\" data-rl_title=\"\" data-rl_caption=\"\"><img loading=\"lazy\" decoding=\"async\" class=\"alignnone size-medium wp-image-4154\" title=\"\" src=\"http:\/\/www.flurhof.com\/web\/wp-content\/uploads\/2012\/03\/IMG_1240-300x200.jpg\" alt=\"\" width=\"300\" height=\"200\" \/><\/a><\/p>\n<p>&#8230; so viel emsiges Treiben schreit f\u00f6rmlich nach einer wohlverdienten Pause \ud83d\ude42<\/p>\n<p><a href=\"http:\/\/www.flurhof.com\/web\/wp-content\/uploads\/2012\/03\/IMG_1273.jpg\" data-rel=\"lightbox-gallery-KZAFD6B4\" data-rl_title=\"\" data-rl_caption=\"\"><img loading=\"lazy\" decoding=\"async\" class=\"alignnone size-medium wp-image-4155\" title=\"\" src=\"http:\/\/www.flurhof.com\/web\/wp-content\/uploads\/2012\/03\/IMG_1273-300x200.jpg\" alt=\"\" width=\"300\" height=\"200\" \/><\/a><\/p>\n<p>unsere erfolgreiche Equipe&#8230; frisch mit dabei Vanessa!<\/p>\n<p><a href=\"http:\/\/www.flurhof.com\/web\/wp-content\/uploads\/2012\/03\/IMG_1284.jpg\" data-rel=\"lightbox-gallery-KZAFD6B4\" data-rl_title=\"\" data-rl_caption=\"\"><img loading=\"lazy\" decoding=\"async\" class=\"alignnone size-medium wp-image-4157\" title=\"\" src=\"http:\/\/www.flurhof.com\/web\/wp-content\/uploads\/2012\/03\/IMG_1284-300x200.jpg\" alt=\"\" width=\"300\" height=\"200\" \/><\/a><\/p>\n<p>Klein Chiara tritt in die Fussstapfen von Gross Carola \ud83d\ude00<\/p>\n<p><a href=\"http:\/\/www.flurhof.com\/web\/wp-content\/uploads\/2012\/03\/IMG_1277.jpg\" data-rel=\"lightbox-gallery-KZAFD6B4\" data-rl_title=\"\" data-rl_caption=\"\"><img loading=\"lazy\" decoding=\"async\" class=\"alignnone size-medium wp-image-4156\" title=\"\" src=\"http:\/\/www.flurhof.com\/web\/wp-content\/uploads\/2012\/03\/IMG_1277-300x257.jpg\" alt=\"\" width=\"300\" height=\"257\" \/><\/a><\/p>\n<p>Auch der Fanclub war mit dabei: hier die stolzen Eltern der Siegerkinder<\/p>\n<p><a href=\"http:\/\/www.flurhof.com\/web\/wp-content\/uploads\/2012\/03\/IMG_1318.jpg\" data-rel=\"lightbox-gallery-KZAFD6B4\" data-rl_title=\"\" data-rl_caption=\"\"><img loading=\"lazy\" decoding=\"async\" class=\"alignnone size-medium wp-image-4142\" title=\"\" src=\"http:\/\/www.flurhof.com\/web\/wp-content\/uploads\/2012\/03\/IMG_1318-200x300.jpg\" alt=\"\" width=\"200\" height=\"300\" \/><\/a><\/p>\n<p>&#8230; man geniesst das Beisammensein&#8230;<\/p>\n<p><a href=\"http:\/\/www.flurhof.com\/web\/wp-content\/uploads\/2012\/03\/IMG_1316.jpg\" data-rel=\"lightbox-gallery-KZAFD6B4\" data-rl_title=\"\" data-rl_caption=\"\"><img loading=\"lazy\" decoding=\"async\" class=\"alignnone size-medium wp-image-4141\" title=\"\" src=\"http:\/\/www.flurhof.com\/web\/wp-content\/uploads\/2012\/03\/IMG_1316-200x300.jpg\" alt=\"\" width=\"200\" height=\"300\" \/><\/a><\/p>\n<p>Andy und die strahlende Siegerin Laura<\/p>\n<p><a href=\"http:\/\/www.flurhof.com\/web\/wp-content\/uploads\/2012\/03\/IMG_1294.jpg\" data-rel=\"lightbox-gallery-KZAFD6B4\" data-rl_title=\"\" data-rl_caption=\"\"><img loading=\"lazy\" decoding=\"async\" class=\"alignnone size-medium wp-image-4140\" title=\"\" src=\"http:\/\/www.flurhof.com\/web\/wp-content\/uploads\/2012\/03\/IMG_1294-300x200.jpg\" alt=\"\" width=\"300\" height=\"200\" \/><\/a><\/p>\n<p>auch Manuela und Blessing griffen ins Geschehen ein \ud83d\ude42<\/p>\n<p><a rel=\"attachment wp-att-4162\" href=\"http:\/\/www.flurhof.com\/web\/index.php\/2012\/03\/04\/springturnier-wil-2-3-4-3-2012\/img_1267-2\/\"><img loading=\"lazy\" decoding=\"async\" class=\"alignnone size-medium wp-image-4162\" title=\"Flurh\u00f6fler\" src=\"http:\/\/www.flurhof.com\/web\/wp-content\/uploads\/2012\/03\/IMG_1267-300x200.jpg\" alt=\"\" width=\"300\" height=\"200\" \/><\/a><\/p>\n<p>&#8230;. m\u00fcde aber zufrieden findet der gem\u00fctliche Ausklang statt&#8230;<\/p>\n<p>Bis n\u00e4chste WOCHE \ud83d\ude00<\/p>\n<p>TSCH\u00dc\u00dc\u00dc\u00dc\u00dc\u00dc\u00dc\u00dc\u00dc\u00dc\u00dc\u00dc\u00dc\u00dc\u00dc\u00dc\u00dc\u00dc\u00dc\u00dc\u00dc\u00dc\u00dc\u00dc\u00dc\u00dc\u00dc\u00dc\u00dc\u00dcSSSSEN \ud83d\ude42<\/p>\n<p>&nbsp;<\/p>\n<p>&nbsp;<\/p>\n<p>&nbsp;<\/p>\n<p>&nbsp;<\/p>\n","protected":false},"excerpt":{"rendered":"<p>Auf der wundersch\u00f6nen Reitanlage der befreundeten Familie Erni fand vergangenes Wochenende das Springturnier Wil statt. Das super Wetter spiegelt sich auch in den tollen Resultaten, die die Flurh\u00f6fler erzielten.\u00a0 So zeigten alle wundersch\u00f6ne Runden und konnten sich verschiedenste Platzierungen ergattern. Vorne mit dabei waren Laura mit Jack und Viola mit Golden King, die beide einen [&hellip;]<\/p>\n","protected":false},"author":1,"featured_media":0,"comment_status":"closed","ping_status":"closed","sticky":false,"template":"","format":"standard","meta":{"_acf_changed":false,"footnotes":""},"categories":[6],"tags":[],"class_list":["post-4129","post","type-post","status-publish","format-standard","hentry","category-news-aktuelles"],"acf":[],"_links":{"self":[{"href":"https:\/\/flurhof.com\/index.php\/wp-json\/wp\/v2\/posts\/4129","targetHints":{"allow":["GET"]}}],"collection":[{"href":"https:\/\/flurhof.com\/index.php\/wp-json\/wp\/v2\/posts"}],"about":[{"href":"https:\/\/flurhof.com\/index.php\/wp-json\/wp\/v2\/types\/post"}],"author":[{"embeddable":true,"href":"https:\/\/flurhof.com\/index.php\/wp-json\/wp\/v2\/users\/1"}],"replies":[{"embeddable":true,"href":"https:\/\/flurhof.com\/index.php\/wp-json\/wp\/v2\/comments?post=4129"}],"version-history":[{"count":0,"href":"https:\/\/flurhof.com\/index.php\/wp-json\/wp\/v2\/posts\/4129\/revisions"}],"wp:attachment":[{"href":"https:\/\/flurhof.com\/index.php\/wp-json\/wp\/v2\/media?parent=4129"}],"wp:term":[{"taxonomy":"category","embeddable":true,"href":"https:\/\/flurhof.com\/index.php\/wp-json\/wp\/v2\/categories?post=4129"},{"taxonomy":"post_tag","embeddable":true,"href":"https:\/\/flurhof.com\/index.php\/wp-json\/wp\/v2\/tags?post=4129"}],"curies":[{"name":"wp","href":"https:\/\/api.w.org\/{rel}","templated":true}]}}