


{"id":3380,"date":"2011-07-19T11:16:47","date_gmt":"2011-07-19T10:16:47","guid":{"rendered":"http:\/\/www.flurhof.com\/site\/?p=2830"},"modified":"2011-07-19T11:16:47","modified_gmt":"2011-07-19T10:16:47","slug":"springkonkurrenz-flond-16-17-7-11","status":"publish","type":"post","link":"https:\/\/flurhof.com\/index.php\/2011\/07\/19\/springkonkurrenz-flond-16-17-7-11\/","title":{"rendered":"Springkonkurrenz Flond 16. &#8211; 17.7.11"},"content":{"rendered":"<p>W\u00e4hrend die einen die Sonne am Turnier in Italien genossen, zog es Willy mit Pippi, Rita, Sylvia, Daniela, Paul und J\u00f6ggi nach Flond. Dort wartete eine famili\u00e4re und sehr liebevolle Veranstaltung, die von Fabien Walder organisiert wurde. Das Wetter war bis Sonntagnachmittag gn\u00e4dig mit unseren Flurhof Vertretern.<\/p>\n<p>Das Wochenende verlief \u00e4u\u00dferst erfolgreich: Pippi r\u00e4umt mit ihrem Cilot wieder komplett ab und siegte in allen drei Pr\u00fcfungen und konnte so den Mondaun Cup f\u00fcr sich entscheiden. J\u00f6ggi siegte mit seinem Jungpferd einmal und konnte sich im Mondaun Cup als Zweiter einreihen.<\/p>\n<p><a href=\"http:\/\/www.flurhof.com\/site\/wp-content\/uploads\/2011\/07\/Flond-011.jpg\" data-rel=\"lightbox-gallery-hhXNJXZZ\" data-rl_title=\"\" data-rl_caption=\"\"><img loading=\"lazy\" decoding=\"async\" class=\"alignnone size-medium wp-image-2832\" title=\"\" src=\"http:\/\/www.flurhof.com\/site\/wp-content\/uploads\/2011\/07\/Flond-011-180x240.jpg\" alt=\"\" width=\"180\" height=\"240\" \/><\/a><\/p>\n<p>das erfolgreiche Paar und die stolze Mama \ud83d\ude42<\/p>\n<p><a href=\"http:\/\/www.flurhof.com\/site\/wp-content\/uploads\/2011\/07\/Flond-003.jpg\" data-rel=\"lightbox-gallery-hhXNJXZZ\" data-rl_title=\"\" data-rl_caption=\"\"><img loading=\"lazy\" decoding=\"async\" class=\"alignnone size-medium wp-image-2833\" title=\"\" src=\"http:\/\/www.flurhof.com\/site\/wp-content\/uploads\/2011\/07\/Flond-003-180x240.jpg\" alt=\"\" width=\"180\" height=\"240\" \/><\/a><\/p>\n<p>.. bei der Siegerehrung Nummer 1 \ud83d\ude42<\/p>\n<p><a href=\"http:\/\/www.flurhof.com\/site\/wp-content\/uploads\/2011\/07\/Flond-010.jpg\" data-rel=\"lightbox-gallery-hhXNJXZZ\" data-rl_title=\"\" data-rl_caption=\"\"><img loading=\"lazy\" decoding=\"async\" class=\"alignnone size-medium wp-image-2836\" title=\"\" src=\"http:\/\/www.flurhof.com\/site\/wp-content\/uploads\/2011\/07\/Flond-010-180x240.jpg\" alt=\"\" width=\"180\" height=\"240\" \/><\/a><\/p>\n<p>&#8230; Siegerehrung Nummer 2<\/p>\n<p><a href=\"http:\/\/www.flurhof.com\/site\/wp-content\/uploads\/2011\/07\/Flond-009.jpg\" data-rel=\"lightbox-gallery-hhXNJXZZ\" data-rl_title=\"\" data-rl_caption=\"\"><img loading=\"lazy\" decoding=\"async\" class=\"alignnone size-medium wp-image-2835\" title=\"\" src=\"http:\/\/www.flurhof.com\/site\/wp-content\/uploads\/2011\/07\/Flond-009-180x240.jpg\" alt=\"\" width=\"180\" height=\"240\" \/><\/a><\/p>\n<p>&#8230; mit der ganzen Ausbeute \ud83d\ude42<\/p>\n<p>Neben dem sportlichen Aspekt hatte die Truppe auch viel Spa\u00df in den Bergen und kam am Sonntag frischen Gem\u00fcts wieder zur\u00fcck \ud83d\ude42<\/p>\n<p>Nina machte sich w\u00e4hrenddessen mit ihrem Citylight auf nach Langenegg und konnte sich mit ihrem Jungpferd erfolgreich zeigen.<\/p>\n<p>Auch die RC-Flurhofdamentruppe war in Gossau hoch erfolgreich. Mit dabei waren Martina Camenzind, Katja G\u00e4chter, Nicole Kuster und Cindy Hutter.<\/p>\n<p><a href=\"http:\/\/www.flurhof.com\/site\/wp-content\/uploads\/2011\/07\/OKV-Cup-Mollis-021.jpg\" data-rel=\"lightbox-gallery-hhXNJXZZ\" data-rl_title=\"\" data-rl_caption=\"\"><img loading=\"lazy\" decoding=\"async\" class=\"alignnone size-medium wp-image-2837\" title=\"\" src=\"http:\/\/www.flurhof.com\/site\/wp-content\/uploads\/2011\/07\/OKV-Cup-Mollis-021-180x240.jpg\" alt=\"\" width=\"180\" height=\"240\" \/><\/a><\/p>\n<p>Herzliche Gratulation an alle!<\/p>\n","protected":false},"excerpt":{"rendered":"<p>W\u00e4hrend die einen die Sonne am Turnier in Italien genossen, zog es Willy mit Pippi, Rita, Sylvia, Daniela, Paul und J\u00f6ggi nach Flond. Dort wartete eine famili\u00e4re und sehr liebevolle Veranstaltung, die von Fabien Walder organisiert wurde. Das Wetter war bis Sonntagnachmittag gn\u00e4dig mit unseren Flurhof Vertretern. Das Wochenende verlief \u00e4u\u00dferst erfolgreich: Pippi r\u00e4umt mit [&hellip;]<\/p>\n","protected":false},"author":1,"featured_media":0,"comment_status":"open","ping_status":"closed","sticky":false,"template":"","format":"standard","meta":{"_acf_changed":false,"footnotes":""},"categories":[6],"tags":[],"class_list":["post-3380","post","type-post","status-publish","format-standard","hentry","category-news-aktuelles"],"acf":[],"_links":{"self":[{"href":"https:\/\/flurhof.com\/index.php\/wp-json\/wp\/v2\/posts\/3380","targetHints":{"allow":["GET"]}}],"collection":[{"href":"https:\/\/flurhof.com\/index.php\/wp-json\/wp\/v2\/posts"}],"about":[{"href":"https:\/\/flurhof.com\/index.php\/wp-json\/wp\/v2\/types\/post"}],"author":[{"embeddable":true,"href":"https:\/\/flurhof.com\/index.php\/wp-json\/wp\/v2\/users\/1"}],"replies":[{"embeddable":true,"href":"https:\/\/flurhof.com\/index.php\/wp-json\/wp\/v2\/comments?post=3380"}],"version-history":[{"count":0,"href":"https:\/\/flurhof.com\/index.php\/wp-json\/wp\/v2\/posts\/3380\/revisions"}],"wp:attachment":[{"href":"https:\/\/flurhof.com\/index.php\/wp-json\/wp\/v2\/media?parent=3380"}],"wp:term":[{"taxonomy":"category","embeddable":true,"href":"https:\/\/flurhof.com\/index.php\/wp-json\/wp\/v2\/categories?post=3380"},{"taxonomy":"post_tag","embeddable":true,"href":"https:\/\/flurhof.com\/index.php\/wp-json\/wp\/v2\/tags?post=3380"}],"curies":[{"name":"wp","href":"https:\/\/api.w.org\/{rel}","templated":true}]}}