


{"id":2069,"date":"2011-02-27T22:20:16","date_gmt":"2011-02-27T21:20:16","guid":{"rendered":"http:\/\/www.flurhof.com\/site\/?p=2069"},"modified":"2011-02-27T22:20:16","modified_gmt":"2011-02-27T21:20:16","slug":"erlen-25-2-27-2-2011","status":"publish","type":"post","link":"https:\/\/flurhof.com\/index.php\/2011\/02\/27\/erlen-25-2-27-2-2011\/","title":{"rendered":"Erlen 25.2.-27.2.2011"},"content":{"rendered":"<p>Dieses Wochenende fand das nationale Turnierwochenende in Erlen statt und so zog Otto mit Janis und Nina\u00a0und den Pferden Jack, Kilmorane, Alexis und Citylight los um ein paar sch\u00f6ne Runden zu zeigen. Leider purzelte die ein oder andere Stange, doch die Pferde fanden Gelegenheit ihr K\u00f6nnen zur Schau zu stellen.<\/p>\n<p>Samstags gab Daniela ihr Turnierpflegerdeb\u00fct und begleitete Otto mit den Pferden Wirbelwind, Charlotte und Charly. Die Pferde sprangen gut und mit Charlotte erreichte Otto den zweiten Rang.<\/p>\n<p>W\u00e4hrenddessen fieberten Laura\u00a0 und Corina dem Sonntag entgegen: Laura bestritt ihr allererstes Turnier und konnte dabei eine Platzierung mit Blondi ergattern.\u00a0Auch Corina war mit Sisco plaziert und der umfangreiche Betreuerstab bestehend aus Nati, Daniela, Paul Hollinger freuten sich \u00fcber die Erfolge unserer Nachwuchsreiter. Otto und Willi Hautle machten sich ebenso fr\u00fch morgens auf um den M\u00e4dels beizustehen und coachten sie professionell zum Erfolg.<\/p>\n<p>Gratulation an die erfolgreichen Reiter!!!<\/p>\n<p><a href=\"http:\/\/www.flurhof.com\/site\/wp-content\/uploads\/2011\/02\/P1140384.jpg\" data-rel=\"lightbox-gallery-6uWTC7go\" data-rl_title=\"\" data-rl_caption=\"\"><img loading=\"lazy\" decoding=\"async\" class=\"alignnone size-medium wp-image-2074\" title=\"\" src=\"http:\/\/www.flurhof.com\/site\/wp-content\/uploads\/2011\/02\/P1140384-360x202.jpg\" alt=\"\" width=\"360\" height=\"202\" \/><\/a><\/p>\n<p>Nat\u00fcrlich musste die Frisur, trozt des fr\u00fchen aufstehens, perfekt sitzen&#8230; \ud83d\ude42<\/p>\n<p><a href=\"http:\/\/www.flurhof.com\/site\/wp-content\/uploads\/2011\/02\/homepage.jpg\" data-rel=\"lightbox-gallery-6uWTC7go\" data-rl_title=\"\" data-rl_caption=\"\"><img loading=\"lazy\" decoding=\"async\" class=\"alignnone size-medium wp-image-2088\" title=\"\" src=\"http:\/\/www.flurhof.com\/site\/wp-content\/uploads\/2011\/02\/homepage-360x240.jpg\" alt=\"\" width=\"360\" height=\"240\" \/><\/a><\/p>\n<p>Otto instruiert die M\u00e4dels auf dem Abreiteplatz<\/p>\n<p><a href=\"http:\/\/www.flurhof.com\/site\/wp-content\/uploads\/2011\/02\/laura-und-blondchen.jpg\" data-rel=\"lightbox-gallery-6uWTC7go\" data-rl_title=\"\" data-rl_caption=\"\"><img loading=\"lazy\" decoding=\"async\" class=\"alignnone size-medium wp-image-2072\" title=\"\" src=\"http:\/\/www.flurhof.com\/site\/wp-content\/uploads\/2011\/02\/laura-und-blondchen-360x240.jpg\" alt=\"\" width=\"360\" height=\"240\" \/><\/a><\/p>\n<p>Sooo hier noch der letzte Check vor dem Start,&#8230;<\/p>\n<p><a href=\"http:\/\/www.flurhof.com\/site\/wp-content\/uploads\/2011\/02\/laura-2.jpg\" data-rel=\"lightbox-gallery-6uWTC7go\" data-rl_title=\"\" data-rl_caption=\"\"><img loading=\"lazy\" decoding=\"async\" class=\"alignnone size-medium wp-image-2071\" title=\"\" src=\"http:\/\/www.flurhof.com\/site\/wp-content\/uploads\/2011\/02\/laura-2-360x240.jpg\" alt=\"\" width=\"360\" height=\"240\" \/><\/a><\/p>\n<p>&#8230;bevor es dann richtig los geht \ud83d\ude42<\/p>\n<p><a href=\"http:\/\/www.flurhof.com\/site\/wp-content\/uploads\/2011\/02\/laura-und-blondi-3.jpg\" data-rel=\"lightbox-gallery-6uWTC7go\" data-rl_title=\"\" data-rl_caption=\"\"><img loading=\"lazy\" decoding=\"async\" class=\"alignnone size-medium wp-image-2073\" title=\"\" src=\"http:\/\/www.flurhof.com\/site\/wp-content\/uploads\/2011\/02\/laura-und-blondi-3-360x240.jpg\" alt=\"\" width=\"360\" height=\"240\" \/><\/a><\/p>\n<p>uund ACTION&#8230;. :))<\/p>\n<p><a href=\"http:\/\/www.flurhof.com\/site\/wp-content\/uploads\/2011\/02\/P1140395.jpg\" data-rel=\"lightbox-gallery-6uWTC7go\" data-rl_title=\"\" data-rl_caption=\"\"><img loading=\"lazy\" decoding=\"async\" class=\"alignnone size-medium wp-image-2075\" title=\"\" src=\"http:\/\/www.flurhof.com\/site\/wp-content\/uploads\/2011\/02\/P1140395-360x202.jpg\" alt=\"\" width=\"360\" height=\"202\" \/><\/a><\/p>\n<p>Naa das hat ja super geklappt&#8230; \ud83d\ude42<\/p>\n<p><a href=\"http:\/\/www.flurhof.com\/site\/wp-content\/uploads\/2011\/02\/P1140413.jpg\" data-rel=\"lightbox-gallery-6uWTC7go\" data-rl_title=\"\" data-rl_caption=\"\"><img loading=\"lazy\" decoding=\"async\" class=\"alignnone size-medium wp-image-2070\" title=\"\" src=\"http:\/\/www.flurhof.com\/site\/wp-content\/uploads\/2011\/02\/P1140413-360x202.jpg\" alt=\"\" width=\"360\" height=\"202\" \/><\/a><\/p>\n<p>Herzliche Gratulation an beide Reiterinnen mit ihren Pferden \ud83d\ude42<\/p>\n<p><a href=\"http:\/\/www.flurhof.com\/site\/wp-content\/uploads\/2011\/02\/P1140406.jpg\" data-rel=\"lightbox-gallery-6uWTC7go\" data-rl_title=\"\" data-rl_caption=\"\"><img loading=\"lazy\" decoding=\"async\" class=\"alignnone size-medium wp-image-2078\" title=\"\" src=\"http:\/\/www.flurhof.com\/site\/wp-content\/uploads\/2011\/02\/P1140406-360x202.jpg\" alt=\"\" width=\"360\" height=\"202\" \/><\/a><\/p>\n<p>Die M\u00e4dels&#8230; \ud83d\ude42<\/p>\n<p><a href=\"http:\/\/www.flurhof.com\/site\/wp-content\/uploads\/2011\/02\/P1140403.jpg\" data-rel=\"lightbox-gallery-6uWTC7go\" data-rl_title=\"\" data-rl_caption=\"\"><img loading=\"lazy\" decoding=\"async\" class=\"alignnone size-medium wp-image-2077\" title=\"\" src=\"http:\/\/www.flurhof.com\/site\/wp-content\/uploads\/2011\/02\/P1140403-135x240.jpg\" alt=\"\" width=\"135\" height=\"240\" \/><\/a><\/p>\n<p>Papa Hollinger war als Fahrer unterwegs&#8230; \ud83d\ude42<\/p>\n<p><a href=\"http:\/\/www.flurhof.com\/site\/wp-content\/uploads\/2011\/02\/P1140397.jpg\" data-rel=\"lightbox-gallery-6uWTC7go\" data-rl_title=\"\" data-rl_caption=\"\"><img loading=\"lazy\" decoding=\"async\" class=\"alignnone size-medium wp-image-2076\" title=\"\" src=\"http:\/\/www.flurhof.com\/site\/wp-content\/uploads\/2011\/02\/P1140397-360x202.jpg\" alt=\"\" width=\"360\" height=\"202\" \/><\/a><\/p>\n<p>Und der Fanclub durfte nat\u00fcrlich auf gar keinen Fall fehlen&#8230; :))<\/p>\n","protected":false},"excerpt":{"rendered":"<p>Dieses Wochenende fand das nationale Turnierwochenende in Erlen statt und so zog Otto mit Janis und Nina\u00a0und den Pferden Jack, Kilmorane, Alexis und Citylight los um ein paar sch\u00f6ne Runden zu zeigen. Leider purzelte die ein oder andere Stange, doch die Pferde fanden Gelegenheit ihr K\u00f6nnen zur Schau zu stellen. Samstags gab Daniela ihr Turnierpflegerdeb\u00fct [&hellip;]<\/p>\n","protected":false},"author":1,"featured_media":0,"comment_status":"open","ping_status":"closed","sticky":false,"template":"","format":"standard","meta":{"_acf_changed":false,"footnotes":""},"categories":[6],"tags":[],"class_list":["post-2069","post","type-post","status-publish","format-standard","hentry","category-news-aktuelles"],"acf":[],"_links":{"self":[{"href":"https:\/\/flurhof.com\/index.php\/wp-json\/wp\/v2\/posts\/2069","targetHints":{"allow":["GET"]}}],"collection":[{"href":"https:\/\/flurhof.com\/index.php\/wp-json\/wp\/v2\/posts"}],"about":[{"href":"https:\/\/flurhof.com\/index.php\/wp-json\/wp\/v2\/types\/post"}],"author":[{"embeddable":true,"href":"https:\/\/flurhof.com\/index.php\/wp-json\/wp\/v2\/users\/1"}],"replies":[{"embeddable":true,"href":"https:\/\/flurhof.com\/index.php\/wp-json\/wp\/v2\/comments?post=2069"}],"version-history":[{"count":0,"href":"https:\/\/flurhof.com\/index.php\/wp-json\/wp\/v2\/posts\/2069\/revisions"}],"wp:attachment":[{"href":"https:\/\/flurhof.com\/index.php\/wp-json\/wp\/v2\/media?parent=2069"}],"wp:term":[{"taxonomy":"category","embeddable":true,"href":"https:\/\/flurhof.com\/index.php\/wp-json\/wp\/v2\/categories?post=2069"},{"taxonomy":"post_tag","embeddable":true,"href":"https:\/\/flurhof.com\/index.php\/wp-json\/wp\/v2\/tags?post=2069"}],"curies":[{"name":"wp","href":"https:\/\/api.w.org\/{rel}","templated":true}]}}