


{"id":1667,"date":"2010-09-19T11:04:23","date_gmt":"2010-09-19T10:04:23","guid":{"rendered":"http:\/\/www.flurhof.com\/site\/?p=1667"},"modified":"2010-09-19T11:04:23","modified_gmt":"2010-09-19T10:04:23","slug":"dressur-vereinsmeisterschaft-rc-flurhof-und-reitverein-gais","status":"publish","type":"post","link":"https:\/\/flurhof.com\/index.php\/2010\/09\/19\/dressur-vereinsmeisterschaft-rc-flurhof-und-reitverein-gais\/","title":{"rendered":"Dressur &#8211; Vereinsmeisterschaft RC Flurhof und Reitverein Gais"},"content":{"rendered":"<p>Gestern fanden auf dem Flurhof die Dressurmeisterschaften des Reitvereins Gais und des RC Flurhof statt. Bei sch\u00f6nem, herbstlichen Wetter wurde fleissig geritten, getratscht und das Beisammensein genossen.<\/p>\n<p>W\u00e4hrend auf dem Sandplatz und in der Halle geschwitzt wurde, konnten sich die Zuschauer und Helfer neben der Reithalle verpflegen.<\/p>\n<p>Im Laufe des Tages massen sich die Dressurreiterinnen in zwei verschiedenen Pr\u00fcfungen, die verschiedene Schwierigkeitsgrade beinhalten. Da es bei der Dressur sehr schwer ist einzusch\u00e4tzen, wer der oder die Beste ist, blieb die Spannung bis zur Siegerehrung erhalten.<\/p>\n<p>Am fr\u00fchen Nachmittag wurde die mit viel Interesse erwartete Rangverk\u00fcndigung durchgef\u00fchrt. Richter Alois M\u00fcller, der w\u00e4hrend des ganzen Morgens den Teilnehmenden viele gute Tipps mit auf den Weg gab, ergriff die Gelegenheit und erkl\u00e4rte, woran noch gearbeitet werden muss. R\u00fcckblickend fasste er zusammen, dass ein grosser Fortschritt erkennbar sei. Im Anschluss daran \u00fcbernahmen Willy Hautle, Pr\u00e4sident des RC Flurhof und sein Kollege Markus Kessler vom Reitverein Gais das Wort und f\u00fchrten die Siegerehrung durch.<\/p>\n<p>Zuerst wurde die Siegerehrung der kombinierten Vereinsmeisterschaft des RC Gais durchgef\u00fchrt. Dabei z\u00e4hlte das Springergebnis vom Reitturnier in B\u00fchler, sowie das gestrige Dressurresultat. Carola konnte sich vor Anita Glunk und Chantal Loher den Sieg und den begeherten Wanderpokal ergattern.<\/p>\n<p>Anschliessend wurden die beiden Vereine noch einzeln gewertet.<\/p>\n<p>Vom RC Flurhof siegte Andrea Hutter in beiden Pr\u00fcfungen bravour\u00f6s mit Celine vor Vera Klien und den weiteren Rangierten.<\/p>\n<p>Hier noc h einige Eindr\u00fccke:<\/p>\n<p><a href=\"\/site\/wp-content\/uploads\/2010\/09\/dsc00920.jpg\" data-rel=\"lightbox-gallery-dqHp1QMJ\" data-rl_title=\"\" data-rl_caption=\"\"><img loading=\"lazy\" decoding=\"async\" class=\"alignnone size-medium wp-image-1672\" title=\"\" src=\"\/site\/wp-content\/uploads\/2010\/09\/dsc00920-360x79.jpg\" alt=\"\" width=\"360\" height=\"79\" \/><\/a><\/p>\n<p>noch herrscht Ruhe \ud83d\ude42<\/p>\n<p><a href=\"\/site\/wp-content\/uploads\/2010\/09\/dsc00815.jpg\" data-rel=\"lightbox-gallery-dqHp1QMJ\" data-rl_title=\"\" data-rl_caption=\"\"><img loading=\"lazy\" decoding=\"async\" class=\"alignnone size-medium wp-image-1673\" title=\"\" src=\"\/site\/wp-content\/uploads\/2010\/09\/dsc00815-320x240.jpg\" alt=\"\" width=\"320\" height=\"240\" \/><\/a><\/p>\n<p>.. und die M\u00e4dels sind guter Laune<\/p>\n<p><a href=\"\/site\/wp-content\/uploads\/2010\/09\/dsc00816.jpg\" data-rel=\"lightbox-gallery-dqHp1QMJ\" data-rl_title=\"\" data-rl_caption=\"\"><img loading=\"lazy\" decoding=\"async\" class=\"alignnone size-medium wp-image-1674\" title=\"\" src=\"\/site\/wp-content\/uploads\/2010\/09\/dsc00816-320x240.jpg\" alt=\"\" width=\"320\" height=\"240\" \/><\/a><\/p>\n<p>&#8230; Willy verschafft sich noch einen letzten \u00dcberblick, ob auch alles der Zufriedenheit entspricht \ud83d\ude42<\/p>\n<p><a href=\"\/site\/wp-content\/uploads\/2010\/09\/p1120718.jpg\" data-rel=\"lightbox-gallery-dqHp1QMJ\" data-rl_title=\"\" data-rl_caption=\"\"><img loading=\"lazy\" decoding=\"async\" class=\"alignnone size-medium wp-image-1675\" title=\"\" src=\"\/site\/wp-content\/uploads\/2010\/09\/p1120718-360x202.jpg\" alt=\"\" width=\"360\" height=\"202\" \/><\/a><\/p>\n<p>.. und schon gehts los!!<\/p>\n<p><a href=\"\/site\/wp-content\/uploads\/2010\/09\/p1120801.jpg\" data-rel=\"lightbox-gallery-dqHp1QMJ\" data-rl_title=\"\" data-rl_caption=\"\"><img loading=\"lazy\" decoding=\"async\" class=\"alignnone size-medium wp-image-1676\" title=\"\" src=\"\/site\/wp-content\/uploads\/2010\/09\/p1120801-135x240.jpg\" alt=\"\" width=\"135\" height=\"240\" \/><\/a><\/p>\n<p>&#8230; Caroline auf dem Weg zur Halle<\/p>\n<p><a href=\"\/site\/wp-content\/uploads\/2010\/09\/p1120809.jpg\" data-rel=\"lightbox-gallery-dqHp1QMJ\" data-rl_title=\"\" data-rl_caption=\"\"><img loading=\"lazy\" decoding=\"async\" class=\"alignnone size-medium wp-image-1677\" title=\"\" src=\"\/site\/wp-content\/uploads\/2010\/09\/p1120809-360x202.jpg\" alt=\"\" width=\"360\" height=\"202\" \/><\/a><\/p>\n<p>&#8230; wo sie von Richter Alois M\u00fcller erwartet wird<\/p>\n<p><a href=\"\/site\/wp-content\/uploads\/2010\/09\/p1120808.jpg\" data-rel=\"lightbox-gallery-dqHp1QMJ\" data-rl_title=\"\" data-rl_caption=\"\"><img loading=\"lazy\" decoding=\"async\" class=\"alignnone size-medium wp-image-1678\" title=\"\" src=\"\/site\/wp-content\/uploads\/2010\/09\/p1120808-135x240.jpg\" alt=\"\" width=\"135\" height=\"240\" \/><\/a> die gute Fee Sarah<\/p>\n<p>die uns bestens durchs Programm lotste \ud83d\ude42<\/p>\n<p><a href=\"\/site\/wp-content\/uploads\/2010\/09\/dsc00944.jpg\" data-rel=\"lightbox-gallery-dqHp1QMJ\" data-rl_title=\"\" data-rl_caption=\"\"><img loading=\"lazy\" decoding=\"async\" class=\"alignnone size-medium wp-image-1679\" title=\"\" src=\"\/site\/wp-content\/uploads\/2010\/09\/dsc00944-320x240.jpg\" alt=\"\" width=\"320\" height=\"240\" \/><\/a><\/p>\n<p>w\u00e4hrend Pipi als &#8222;Helferlein f\u00fcr alles&#8220; waltete!<\/p>\n<p><a href=\"http:\/\/www.flurhof.com\/site\/wp-content\/uploads\/2010\/09\/DSC01422.jpg\" data-rel=\"lightbox-gallery-dqHp1QMJ\" data-rl_title=\"\" data-rl_caption=\"\"><img loading=\"lazy\" decoding=\"async\" class=\"alignnone size-medium wp-image-1733\" title=\"\" src=\"http:\/\/www.flurhof.com\/site\/wp-content\/uploads\/2010\/09\/DSC01422-320x240.jpg\" alt=\"\" width=\"320\" height=\"240\" \/><\/a><\/p>\n<p>Fanclub und Reiter konnten den Start kaum erwarten \ud83d\ude42<\/p>\n<p><a href=\"\/site\/wp-content\/uploads\/2010\/09\/dsc00847.jpg\" data-rel=\"lightbox-gallery-dqHp1QMJ\" data-rl_title=\"\" data-rl_caption=\"\"><img loading=\"lazy\" decoding=\"async\" class=\"alignnone size-medium wp-image-1680\" title=\"\" src=\"\/site\/wp-content\/uploads\/2010\/09\/dsc00847-320x240.jpg\" alt=\"\" width=\"320\" height=\"240\" \/><\/a><\/p>\n<p>wem dieser kritische Blick unseres Pr\u00e4sidenten wohl gilt??<\/p>\n<p><a href=\"\/site\/wp-content\/uploads\/2010\/09\/dsc00989.jpg\" data-rel=\"lightbox-gallery-dqHp1QMJ\" data-rl_title=\"\" data-rl_caption=\"\"><img loading=\"lazy\" decoding=\"async\" class=\"alignnone size-medium wp-image-1681\" title=\"\" src=\"\/site\/wp-content\/uploads\/2010\/09\/dsc00989-320x240.jpg\" alt=\"\" width=\"320\" height=\"240\" \/><\/a><\/p>\n<p>&#8230; ob es wohl das Outfit von Carola war, welches gemustert wurde&#8230; man weiss es nicht \ud83d\ude42 Wir finden, es sieht auf jeden Fall gut aus!!<\/p>\n<p><strong>Und hier noch die restlichen die &#8222;Dressurreiterinnen vom Flurhof&#8220; \ud83d\ude42<\/strong><\/p>\n<p>(Caroline seht ihr oben)<\/p>\n<p><a href=\"\/site\/wp-content\/uploads\/2010\/09\/dsc01079.jpg\" data-rel=\"lightbox-gallery-dqHp1QMJ\" data-rl_title=\"\" data-rl_caption=\"\"><img loading=\"lazy\" decoding=\"async\" class=\"alignnone size-medium wp-image-1682\" title=\"\" src=\"\/site\/wp-content\/uploads\/2010\/09\/dsc01079-320x240.jpg\" alt=\"\" width=\"320\" height=\"240\" \/><\/a><\/p>\n<p>Carola mit Stilo<\/p>\n<p><a href=\"\/site\/wp-content\/uploads\/2010\/09\/p1120754.jpg\" data-rel=\"lightbox-gallery-dqHp1QMJ\" data-rl_title=\"\" data-rl_caption=\"\"><img loading=\"lazy\" decoding=\"async\" class=\"alignnone size-medium wp-image-1683\" title=\"\" src=\"\/site\/wp-content\/uploads\/2010\/09\/p1120754-135x240.jpg\" alt=\"\" width=\"135\" height=\"240\" \/><\/a> Janis mit Exploit<\/p>\n<p><a href=\"\/site\/wp-content\/uploads\/2010\/09\/p1120859.jpg\" data-rel=\"lightbox-gallery-dqHp1QMJ\" data-rl_title=\"\" data-rl_caption=\"\"><img loading=\"lazy\" decoding=\"async\" class=\"alignnone size-medium wp-image-1684\" title=\"\" src=\"\/site\/wp-content\/uploads\/2010\/09\/p1120859-135x240.jpg\" alt=\"\" width=\"135\" height=\"240\" \/><\/a> Vera,die mit den Jungpferden Kilmorane und Jack an den Start ging, bevor sie sich nach der Siegerehrung auf den Weg nach Bregenz machte, wo sie mit Loradus am Dressurturnier teilnahm.<\/p>\n<p><a href=\"\/site\/wp-content\/uploads\/2010\/09\/dsc01286.jpg\" data-rel=\"lightbox-gallery-dqHp1QMJ\" data-rl_title=\"\" data-rl_caption=\"\"><img loading=\"lazy\" decoding=\"async\" class=\"alignnone size-medium wp-image-1685\" title=\"\" src=\"\/site\/wp-content\/uploads\/2010\/09\/dsc01286-180x240.jpg\" alt=\"\" width=\"180\" height=\"240\" \/><\/a> <a href=\"\/site\/wp-content\/uploads\/2010\/09\/dsc01305.jpg\" data-rel=\"lightbox-gallery-dqHp1QMJ\" data-rl_title=\"\" data-rl_caption=\"\"><img loading=\"lazy\" decoding=\"async\" class=\"alignnone size-medium wp-image-1686\" title=\"\" src=\"\/site\/wp-content\/uploads\/2010\/09\/dsc01305-180x240.jpg\" alt=\"\" width=\"180\" height=\"240\" \/><\/a><\/p>\n<p>Andrea mit Celine alias &#8222;Django&#8220; \ud83d\ude42<\/p>\n<p><strong>soooodali und nun kommen wir zur Rangverk\u00fcndigung:<\/strong><\/p>\n<p><a href=\"\/site\/wp-content\/uploads\/2010\/09\/p1120834.jpg\" data-rel=\"lightbox-gallery-dqHp1QMJ\" data-rl_title=\"\" data-rl_caption=\"\"><img loading=\"lazy\" decoding=\"async\" class=\"alignnone size-medium wp-image-1687\" title=\"\" src=\"\/site\/wp-content\/uploads\/2010\/09\/p1120834-135x240.jpg\" alt=\"\" width=\"135\" height=\"240\" \/><\/a> was da wohl besprochen wird??<\/p>\n<p><a href=\"\/site\/wp-content\/uploads\/2010\/09\/p1120853.jpg\" data-rel=\"lightbox-gallery-dqHp1QMJ\" data-rl_title=\"\" data-rl_caption=\"\"><img loading=\"lazy\" decoding=\"async\" class=\"alignnone size-medium wp-image-1688\" title=\"\" src=\"\/site\/wp-content\/uploads\/2010\/09\/p1120853-135x240.jpg\" alt=\"\" width=\"135\" height=\"240\" \/><\/a> die strahlende Siegerin der &#8222;Kombinationspr\u00fcfung&#8220;<\/p>\n","protected":false},"excerpt":{"rendered":"<p>Gestern fanden auf dem Flurhof die Dressurmeisterschaften des Reitvereins Gais und des RC Flurhof statt. Bei sch\u00f6nem, herbstlichen Wetter wurde fleissig geritten, getratscht und das Beisammensein genossen. W\u00e4hrend auf dem Sandplatz und in der Halle geschwitzt wurde, konnten sich die Zuschauer und Helfer neben der Reithalle verpflegen. Im Laufe des Tages massen sich die Dressurreiterinnen [&hellip;]<\/p>\n","protected":false},"author":1,"featured_media":0,"comment_status":"open","ping_status":"closed","sticky":false,"template":"","format":"standard","meta":{"_acf_changed":false,"footnotes":""},"categories":[6],"tags":[],"class_list":["post-1667","post","type-post","status-publish","format-standard","hentry","category-news-aktuelles"],"acf":[],"_links":{"self":[{"href":"https:\/\/flurhof.com\/index.php\/wp-json\/wp\/v2\/posts\/1667","targetHints":{"allow":["GET"]}}],"collection":[{"href":"https:\/\/flurhof.com\/index.php\/wp-json\/wp\/v2\/posts"}],"about":[{"href":"https:\/\/flurhof.com\/index.php\/wp-json\/wp\/v2\/types\/post"}],"author":[{"embeddable":true,"href":"https:\/\/flurhof.com\/index.php\/wp-json\/wp\/v2\/users\/1"}],"replies":[{"embeddable":true,"href":"https:\/\/flurhof.com\/index.php\/wp-json\/wp\/v2\/comments?post=1667"}],"version-history":[{"count":0,"href":"https:\/\/flurhof.com\/index.php\/wp-json\/wp\/v2\/posts\/1667\/revisions"}],"wp:attachment":[{"href":"https:\/\/flurhof.com\/index.php\/wp-json\/wp\/v2\/media?parent=1667"}],"wp:term":[{"taxonomy":"category","embeddable":true,"href":"https:\/\/flurhof.com\/index.php\/wp-json\/wp\/v2\/categories?post=1667"},{"taxonomy":"post_tag","embeddable":true,"href":"https:\/\/flurhof.com\/index.php\/wp-json\/wp\/v2\/tags?post=1667"}],"curies":[{"name":"wp","href":"https:\/\/api.w.org\/{rel}","templated":true}]}}