


{"id":15216,"date":"2019-09-25T10:01:03","date_gmt":"2019-09-25T08:01:03","guid":{"rendered":"http:\/\/flurhof.com\/?p=15216"},"modified":"2019-09-30T10:05:30","modified_gmt":"2019-09-30T08:05:30","slug":"vorruhestand-fuer-wirbelwind","status":"publish","type":"post","link":"https:\/\/flurhof.com\/index.php\/2019\/09\/25\/vorruhestand-fuer-wirbelwind\/","title":{"rendered":"Vorruhestand f\u00fcr Wirbelwind"},"content":{"rendered":"<p><u>Wirbelwind III<\/u><\/p>\n<p><a href=\"http:\/\/flurhof.com\/wp-content\/uploads\/2019\/09\/IMG_3865.jpg\" data-rel=\"lightbox-gallery-OVlrGa05\" data-rl_title=\"\" data-rl_caption=\"\" title=\"\"><img loading=\"lazy\" decoding=\"async\" class=\"alignnone size-medium wp-image-15223\" src=\"http:\/\/flurhof.com\/wp-content\/uploads\/2019\/09\/IMG_3865-300x200.jpg\" alt=\"\" width=\"300\" height=\"200\" srcset=\"https:\/\/flurhof.com\/wp-content\/uploads\/2019\/09\/IMG_3865-300x200.jpg 300w, https:\/\/flurhof.com\/wp-content\/uploads\/2019\/09\/IMG_3865-768x513.jpg 768w, https:\/\/flurhof.com\/wp-content\/uploads\/2019\/09\/IMG_3865-1024x684.jpg 1024w, https:\/\/flurhof.com\/wp-content\/uploads\/2019\/09\/IMG_3865-1798x1200.jpg 1798w, https:\/\/flurhof.com\/wp-content\/uploads\/2019\/09\/IMG_3865.jpg 2048w\" sizes=\"auto, (max-width: 300px) 100vw, 300px\" \/><\/a><\/p>\n<p>Wirbelwind ist Jahrgang 2002 und damit heuer 17 Jahre alt. Der sch\u00f6ne braune Wallach ist in Chile geboren und kam als 4-J\u00e4hriger in die Familie Steurer- Hautle. Auf den ersten Blick erinnert Wirbelwind von seinem K\u00f6rperbau her eher an ein Rennpferd und weniger an ein Springpferd, aber wie so oft darf man sich vom \u00c4usseren nicht irritieren lassen.<\/p>\n<p>Wirbelwind ist zwar ein Pferd ohne Abstammung, aber daf\u00fcr von einer ganz besonderen Extraklasse. Er tr\u00e4gt ein L\u00f6wenherz in sich und ist \u00fcberaus springtalentiert, wie zahlreiche Erfolge \u00fcber viele Jahre hinweg mit seinem Reiter Otto Steurer beweisen.<\/p>\n<p>In dieser Zweierkombination von Pferd und Reiter haben sich zwei ebenb\u00fcrtige Wesen zusammengefunden, welche miteinander aber auch von einander gelernt haben. Otto zum Beispiel hat gelernt, Kontrolle auch mal abzugeben. Mit einem Augenzwinkern kann man auch sagen: zwei Alpha-Tiere haben sich auf einen gemeinsamen Nenner geeinigt.<\/p>\n<p><a href=\"http:\/\/flurhof.com\/wp-content\/uploads\/2019\/09\/DIW_9838.jpg\" data-rel=\"lightbox-gallery-OVlrGa05\" data-rl_title=\"\" data-rl_caption=\"\" title=\"\"><img loading=\"lazy\" decoding=\"async\" class=\"alignnone size-medium wp-image-15220\" src=\"http:\/\/flurhof.com\/wp-content\/uploads\/2019\/09\/DIW_9838-200x300.jpg\" alt=\"\" width=\"200\" height=\"300\" srcset=\"https:\/\/flurhof.com\/wp-content\/uploads\/2019\/09\/DIW_9838-200x300.jpg 200w, https:\/\/flurhof.com\/wp-content\/uploads\/2019\/09\/DIW_9838-768x1154.jpg 768w, https:\/\/flurhof.com\/wp-content\/uploads\/2019\/09\/DIW_9838-682x1024.jpg 682w, https:\/\/flurhof.com\/wp-content\/uploads\/2019\/09\/DIW_9838-799x1200.jpg 799w, https:\/\/flurhof.com\/wp-content\/uploads\/2019\/09\/DIW_9838.jpg 1363w\" sizes=\"auto, (max-width: 200px) 100vw, 200px\" \/><\/a><\/p>\n<p>Denn Wirbelwind, der auch liebevoll Joe nach dem Film mit Terence Hill, \u00abDer m\u00fcde Joe\u00bb, genannt wird, hat wie sein Film-Namensvetter, seinen ganz eigenen Charakter.<\/p>\n<p>Kleine Dinge langweilen Wirbelwind, wie zum Beispiel zu niedrige Spr\u00fcnge. Er sucht Herausforderungen, liebt das Rampenlicht und tritt dann als Showman auf. Bei ihm heisst es auch nicht, der Weg ist das Ziel. Wirbelwind hat nur ein Ziel vor Augen: den Sieg.<\/p>\n<p>Auch Zuhause fragt man sich, wer ist hier eigentlich der Chef. Wehe dem, der Wirbelwind eine Box ohne Paddock zuteilt, dann heisst es: Ohren anlegen, Beissen, Weben. Er braucht seine Freiheit und teilt sich seinem Laufdrang entsprechend, seine Spazierg\u00e4nge selber ein. Ohne Weide w\u00fcrde er verzweifeln.<\/p>\n<p><a href=\"http:\/\/flurhof.com\/wp-content\/uploads\/2019\/09\/OBLX7492.jpg\" data-rel=\"lightbox-gallery-OVlrGa05\" data-rl_title=\"\" data-rl_caption=\"\" title=\"\"><img loading=\"lazy\" decoding=\"async\" class=\"alignnone size-medium wp-image-15219\" src=\"http:\/\/flurhof.com\/wp-content\/uploads\/2019\/09\/OBLX7492-300x225.jpg\" alt=\"\" width=\"300\" height=\"225\" srcset=\"https:\/\/flurhof.com\/wp-content\/uploads\/2019\/09\/OBLX7492-300x225.jpg 300w, https:\/\/flurhof.com\/wp-content\/uploads\/2019\/09\/OBLX7492-768x576.jpg 768w, https:\/\/flurhof.com\/wp-content\/uploads\/2019\/09\/OBLX7492-1024x768.jpg 1024w, https:\/\/flurhof.com\/wp-content\/uploads\/2019\/09\/OBLX7492.jpg 1600w\" sizes=\"auto, (max-width: 300px) 100vw, 300px\" \/><\/a><\/p>\n<p>Mit seinen Eigenheiten bekommt er auf Turnieren einen nur ihm zugeteilten Pfleger. Jener f\u00fchrt auch Wirbelwind, der den Reiter Otto bereits im R\u00fccken tr\u00e4gt, in den Parcours und ist dann gut beraten, sich in Sicherheit zu bringen. Joe erwacht, bockt umher und schl\u00e4gt aus, bis zum durchreiten der Startlinie. Ab dann ist 100% Verlass auf Joe, der seinen Reiter niemals h\u00e4ngen l\u00e4sst und konzentriert k\u00e4mpft, bis zum Umfallen.<\/p>\n<p><a href=\"http:\/\/flurhof.com\/wp-content\/uploads\/2019\/09\/Wirbelwind3.jpg\" data-rel=\"lightbox-gallery-OVlrGa05\" data-rl_title=\"\" data-rl_caption=\"\" title=\"\"><img loading=\"lazy\" decoding=\"async\" class=\"alignnone size-medium wp-image-15222\" src=\"http:\/\/flurhof.com\/wp-content\/uploads\/2019\/09\/Wirbelwind3-300x198.jpg\" alt=\"\" width=\"300\" height=\"198\" srcset=\"https:\/\/flurhof.com\/wp-content\/uploads\/2019\/09\/Wirbelwind3-300x198.jpg 300w, https:\/\/flurhof.com\/wp-content\/uploads\/2019\/09\/Wirbelwind3-768x506.jpg 768w, https:\/\/flurhof.com\/wp-content\/uploads\/2019\/09\/Wirbelwind3-1024x675.jpg 1024w, https:\/\/flurhof.com\/wp-content\/uploads\/2019\/09\/Wirbelwind3-1800x1186.jpg 1800w, https:\/\/flurhof.com\/wp-content\/uploads\/2019\/09\/Wirbelwind3.jpg 2048w\" sizes=\"auto, (max-width: 300px) 100vw, 300px\" \/><\/a><\/p>\n<p>Otto hat vor der Startlinie im Grunde nur einen Job: Oben bleiben und Joe sagen, wo es los geht. Das ist nicht immer gelungen, das eine oder andere Mal hat Wirbelwind seinen Reiter noch vor der Startlinie verloren. Dann hiess es schnell wieder drauf sitzen und los gehts, bevor die Zeit im Parcours beginnt zu laufen.<\/p>\n<p>Otto und Wirbelwind feierten unz\u00e4hlige Erfolge bis 1.60m zusammen und erritten in ihrer gemeinsamen Kariere \u00fcber 100&#8217;000.- Euro an Preisgeld. Zu seinen Spitzenerfolgen geh\u00f6ren unter anderem:<\/p>\n<ul>\n<li>Sieger im Six-Barres in Humlikon \u00fcber 2.05m<\/li>\n<li>3. Rang Grand-Prix*** Magna Racino<\/li>\n<li>2. Rang Grand Prix in Gorla Minore<\/li>\n<li>Sieg im 1.45m CS***San Giovanni<\/li>\n<li>insgesamt \u00fcber 44 Siege \/ 29 x 2. R\u00e4nge und 22 x 3. R\u00e4nge zusammen als Paar<\/li>\n<\/ul>\n<p><a href=\"http:\/\/flurhof.com\/wp-content\/uploads\/2019\/09\/otto-und-wirbeli5.jpg\" data-rel=\"lightbox-gallery-OVlrGa05\" data-rl_title=\"\" data-rl_caption=\"\" title=\"\"><img loading=\"lazy\" decoding=\"async\" class=\"alignnone size-medium wp-image-15221\" src=\"http:\/\/flurhof.com\/wp-content\/uploads\/2019\/09\/otto-und-wirbeli5-200x300.jpg\" alt=\"\" width=\"200\" height=\"300\" srcset=\"https:\/\/flurhof.com\/wp-content\/uploads\/2019\/09\/otto-und-wirbeli5-200x300.jpg 200w, https:\/\/flurhof.com\/wp-content\/uploads\/2019\/09\/otto-und-wirbeli5-768x1149.jpg 768w, https:\/\/flurhof.com\/wp-content\/uploads\/2019\/09\/otto-und-wirbeli5-684x1024.jpg 684w, https:\/\/flurhof.com\/wp-content\/uploads\/2019\/09\/otto-und-wirbeli5-802x1200.jpg 802w, https:\/\/flurhof.com\/wp-content\/uploads\/2019\/09\/otto-und-wirbeli5.jpg 1200w\" sizes=\"auto, (max-width: 200px) 100vw, 200px\" \/><\/a><\/p>\n<p>Jede Sturm und Drangzeit fordert ihren Tribut und so kam es, dass sich Wirbelwind im September 2018 verletzte. Die Verletzung passierte allerdings Zuhause auf dem Paddock, als ein nicht angemeldetes Feuerwerk in der Nachbarschaft alle Pferde verr\u00fcckt machte. Was folgte, war eine sehr lange Rekonvaleszenzzeit. Nach der planm\u00e4ssigen Aufbauphase beschloss Otto nun, Wirbelwind quasi in den Vorruhestand zu schicken.<\/p>\n<p>Zuk\u00fcnftig wird Wirbelwind der Pferdepartner von Ottos Frau Carola sein und fortan nicht mehr in den h\u00f6chsten Kategorien an den Start gehen.<\/p>\n<p><a href=\"http:\/\/flurhof.com\/wp-content\/uploads\/2019\/09\/FVS0255_13x18_XX_FVS.jpg\" data-rel=\"lightbox-gallery-OVlrGa05\" data-rl_title=\"\" data-rl_caption=\"\" title=\"\"><img loading=\"lazy\" decoding=\"async\" class=\"alignnone size-medium wp-image-15217\" src=\"http:\/\/flurhof.com\/wp-content\/uploads\/2019\/09\/FVS0255_13x18_XX_FVS-214x300.jpg\" alt=\"\" width=\"214\" height=\"300\" srcset=\"https:\/\/flurhof.com\/wp-content\/uploads\/2019\/09\/FVS0255_13x18_XX_FVS-214x300.jpg 214w, https:\/\/flurhof.com\/wp-content\/uploads\/2019\/09\/FVS0255_13x18_XX_FVS-768x1077.jpg 768w, https:\/\/flurhof.com\/wp-content\/uploads\/2019\/09\/FVS0255_13x18_XX_FVS-731x1024.jpg 731w, https:\/\/flurhof.com\/wp-content\/uploads\/2019\/09\/FVS0255_13x18_XX_FVS-856x1200.jpg 856w, https:\/\/flurhof.com\/wp-content\/uploads\/2019\/09\/FVS0255_13x18_XX_FVS.jpg 1461w\" sizes=\"auto, (max-width: 214px) 100vw, 214px\" \/><\/a><\/p>\n<p>Carola und Wirbelwind feierten ihren Einstieg am CSI** auf dem Hofgut Albf\u00fchren, wo das neue Duo in der Amateurtour erstmals zusammen an den Start ging. Auch diese Kombination scheint vielversprechend, zu Beginn gleich ein Sieg. Im weiteren Verlauf gab es zudem einen 4. Rang und am Schlusstag den 2. Rang.<\/p>\n<p><a href=\"http:\/\/flurhof.com\/wp-content\/uploads\/2019\/09\/FVS6124_13x18_XXFVSx.jpg\" data-rel=\"lightbox-gallery-OVlrGa05\" data-rl_title=\"\" data-rl_caption=\"\" title=\"\"><img loading=\"lazy\" decoding=\"async\" class=\"alignnone size-medium wp-image-15218\" src=\"http:\/\/flurhof.com\/wp-content\/uploads\/2019\/09\/FVS6124_13x18_XXFVSx-300x214.jpg\" alt=\"\" width=\"300\" height=\"214\" srcset=\"https:\/\/flurhof.com\/wp-content\/uploads\/2019\/09\/FVS6124_13x18_XXFVSx-300x214.jpg 300w, https:\/\/flurhof.com\/wp-content\/uploads\/2019\/09\/FVS6124_13x18_XXFVSx-768x548.jpg 768w, https:\/\/flurhof.com\/wp-content\/uploads\/2019\/09\/FVS6124_13x18_XXFVSx-1024x731.jpg 1024w, https:\/\/flurhof.com\/wp-content\/uploads\/2019\/09\/FVS6124_13x18_XXFVSx-1682x1200.jpg 1682w, https:\/\/flurhof.com\/wp-content\/uploads\/2019\/09\/FVS6124_13x18_XXFVSx.jpg 2048w\" sizes=\"auto, (max-width: 300px) 100vw, 300px\" \/><\/a><\/p>\n<p><span style=\"color: #ff6600;\"><strong>Wirbelwind ist ein Musketier und wir sagen von Herzen Dankesch\u00f6n, w\u00fcnschen weiterhin viel Erfolg, gute Gesundheit und ein langes Leben.<\/strong><\/span><\/p>\n<p><a href=\"http:\/\/flurhof.com\/wp-content\/uploads\/2019\/09\/DSC00582.jpg\" data-rel=\"lightbox-gallery-OVlrGa05\" data-rl_title=\"\" data-rl_caption=\"\" title=\"\"><img loading=\"lazy\" decoding=\"async\" class=\"alignnone size-medium wp-image-15224\" src=\"http:\/\/flurhof.com\/wp-content\/uploads\/2019\/09\/DSC00582-225x300.jpg\" alt=\"\" width=\"225\" height=\"300\" srcset=\"https:\/\/flurhof.com\/wp-content\/uploads\/2019\/09\/DSC00582-225x300.jpg 225w, https:\/\/flurhof.com\/wp-content\/uploads\/2019\/09\/DSC00582-768x1024.jpg 768w, https:\/\/flurhof.com\/wp-content\/uploads\/2019\/09\/DSC00582-900x1200.jpg 900w, https:\/\/flurhof.com\/wp-content\/uploads\/2019\/09\/DSC00582.jpg 1536w\" sizes=\"auto, (max-width: 225px) 100vw, 225px\" \/><\/a><\/p>\n","protected":false},"excerpt":{"rendered":"<p>Wirbelwind III Wirbelwind ist Jahrgang 2002 und damit heuer 17 Jahre alt. Der sch\u00f6ne braune Wallach ist in Chile geboren und kam als 4-J\u00e4hriger in die Familie Steurer- Hautle. Auf den ersten Blick erinnert Wirbelwind von seinem K\u00f6rperbau her eher an ein Rennpferd und weniger an ein Springpferd, aber wie so oft darf man sich [&hellip;]<\/p>\n","protected":false},"author":5,"featured_media":15224,"comment_status":"closed","ping_status":"closed","sticky":false,"template":"","format":"standard","meta":{"_acf_changed":false,"footnotes":""},"categories":[6],"tags":[],"class_list":["post-15216","post","type-post","status-publish","format-standard","has-post-thumbnail","hentry","category-news-aktuelles"],"acf":[],"_links":{"self":[{"href":"https:\/\/flurhof.com\/index.php\/wp-json\/wp\/v2\/posts\/15216","targetHints":{"allow":["GET"]}}],"collection":[{"href":"https:\/\/flurhof.com\/index.php\/wp-json\/wp\/v2\/posts"}],"about":[{"href":"https:\/\/flurhof.com\/index.php\/wp-json\/wp\/v2\/types\/post"}],"author":[{"embeddable":true,"href":"https:\/\/flurhof.com\/index.php\/wp-json\/wp\/v2\/users\/5"}],"replies":[{"embeddable":true,"href":"https:\/\/flurhof.com\/index.php\/wp-json\/wp\/v2\/comments?post=15216"}],"version-history":[{"count":2,"href":"https:\/\/flurhof.com\/index.php\/wp-json\/wp\/v2\/posts\/15216\/revisions"}],"predecessor-version":[{"id":15230,"href":"https:\/\/flurhof.com\/index.php\/wp-json\/wp\/v2\/posts\/15216\/revisions\/15230"}],"wp:featuredmedia":[{"embeddable":true,"href":"https:\/\/flurhof.com\/index.php\/wp-json\/wp\/v2\/media\/15224"}],"wp:attachment":[{"href":"https:\/\/flurhof.com\/index.php\/wp-json\/wp\/v2\/media?parent=15216"}],"wp:term":[{"taxonomy":"category","embeddable":true,"href":"https:\/\/flurhof.com\/index.php\/wp-json\/wp\/v2\/categories?post=15216"},{"taxonomy":"post_tag","embeddable":true,"href":"https:\/\/flurhof.com\/index.php\/wp-json\/wp\/v2\/tags?post=15216"}],"curies":[{"name":"wp","href":"https:\/\/api.w.org\/{rel}","templated":true}]}}