


{"id":131,"date":"2008-08-02T16:27:38","date_gmt":"2008-08-02T15:27:38","guid":{"rendered":"http:\/\/www.flurhof.com\/site\/?p=131"},"modified":"2008-08-02T16:27:38","modified_gmt":"2008-08-02T15:27:38","slug":"dressurkurs-wochenende-23-august-mit-alfred-karner","status":"publish","type":"post","link":"https:\/\/flurhof.com\/index.php\/2008\/08\/02\/dressurkurs-wochenende-23-august-mit-alfred-karner\/","title":{"rendered":"Dressurkurs-Wochenende 2.\/3. August mit Alfred Karner"},"content":{"rendered":"<p>Am Samstag und Sonntag den 2.\/3. August 08 fand unter grosser Beteiligung seitens der Dressurinteressierten und ihrem Anhang \ud83d\ude42 ein lehrreicher Kurs bei Alfred Karner statt.<\/p>\n<p>Auch nach durchzechter Nacht (siehe Artikel 1.Augustfeier) krochen alle schon fr\u00fch aus den Federn und waren mit grossem Einsatz und Enthusiasmus mit dabei. Obwohl vielleicht der eine oder andere sich w\u00fcnschte, fr\u00fcher schlafen gegangen zu sein \ud83d\ude09<\/p>\n<p>Seht selbst:<\/p>\n<p><a href=\"http:\/\/www.flurhof.com\/site\/wp-content\/uploads\/2008\/08\/christine.jpg\" data-rel=\"lightbox-gallery-KVmEbMPX\" data-rl_title=\"\" data-rl_caption=\"\"><img loading=\"lazy\" decoding=\"async\" class=\"alignnone size-medium wp-image-138\" title=\"\" src=\"http:\/\/www.flurhof.com\/site\/wp-content\/uploads\/2008\/08\/christine-360x239.jpg\" alt=\"christine\" width=\"360\" height=\"239\" \/><\/a><\/p>\n<p><a href=\"http:\/\/www.flurhof.com\/site\/wp-content\/uploads\/2008\/08\/axel.jpg\" data-rel=\"lightbox-gallery-KVmEbMPX\" data-rl_title=\"\" data-rl_caption=\"\"><img loading=\"lazy\" decoding=\"async\" class=\"alignnone size-medium wp-image-139\" title=\"\" src=\"http:\/\/www.flurhof.com\/site\/wp-content\/uploads\/2008\/08\/axel-360x239.jpg\" alt=\"axel\" width=\"360\" height=\"239\" \/><\/a><\/p>\n<p><a href=\"http:\/\/www.flurhof.com\/site\/wp-content\/uploads\/2008\/08\/vera.jpg\" data-rel=\"lightbox-gallery-KVmEbMPX\" data-rl_title=\"\" data-rl_caption=\"\"><img loading=\"lazy\" decoding=\"async\" class=\"alignnone size-medium wp-image-140\" title=\"\" src=\"http:\/\/www.flurhof.com\/site\/wp-content\/uploads\/2008\/08\/vera-360x239.jpg\" alt=\"\" width=\"360\" height=\"239\" \/><\/a><\/p>\n<p><a href=\"http:\/\/www.flurhof.com\/site\/wp-content\/uploads\/2008\/08\/karner11.jpg\" data-rel=\"lightbox-gallery-KVmEbMPX\" data-rl_title=\"\" data-rl_caption=\"\"><img loading=\"lazy\" decoding=\"async\" class=\"alignnone size-medium wp-image-151\" title=\"\" src=\"http:\/\/www.flurhof.com\/site\/wp-content\/uploads\/2008\/08\/karner11-159x240.jpg\" alt=\"\" width=\"159\" height=\"240\" \/><\/a><\/p>\n","protected":false},"excerpt":{"rendered":"<p>Am Samstag und Sonntag den 2.\/3. August 08 fand unter grosser Beteiligung seitens der Dressurinteressierten und ihrem Anhang \ud83d\ude42 ein lehrreicher Kurs bei Alfred Karner statt. Auch nach durchzechter Nacht (siehe Artikel 1.Augustfeier) krochen alle schon fr\u00fch aus den Federn und waren mit grossem Einsatz und Enthusiasmus mit dabei. Obwohl vielleicht der eine oder andere [&hellip;]<\/p>\n","protected":false},"author":1,"featured_media":0,"comment_status":"open","ping_status":"closed","sticky":false,"template":"","format":"standard","meta":{"_acf_changed":false,"footnotes":""},"categories":[6],"tags":[],"class_list":["post-131","post","type-post","status-publish","format-standard","hentry","category-news-aktuelles"],"acf":[],"_links":{"self":[{"href":"https:\/\/flurhof.com\/index.php\/wp-json\/wp\/v2\/posts\/131","targetHints":{"allow":["GET"]}}],"collection":[{"href":"https:\/\/flurhof.com\/index.php\/wp-json\/wp\/v2\/posts"}],"about":[{"href":"https:\/\/flurhof.com\/index.php\/wp-json\/wp\/v2\/types\/post"}],"author":[{"embeddable":true,"href":"https:\/\/flurhof.com\/index.php\/wp-json\/wp\/v2\/users\/1"}],"replies":[{"embeddable":true,"href":"https:\/\/flurhof.com\/index.php\/wp-json\/wp\/v2\/comments?post=131"}],"version-history":[{"count":0,"href":"https:\/\/flurhof.com\/index.php\/wp-json\/wp\/v2\/posts\/131\/revisions"}],"wp:attachment":[{"href":"https:\/\/flurhof.com\/index.php\/wp-json\/wp\/v2\/media?parent=131"}],"wp:term":[{"taxonomy":"category","embeddable":true,"href":"https:\/\/flurhof.com\/index.php\/wp-json\/wp\/v2\/categories?post=131"},{"taxonomy":"post_tag","embeddable":true,"href":"https:\/\/flurhof.com\/index.php\/wp-json\/wp\/v2\/tags?post=131"}],"curies":[{"name":"wp","href":"https:\/\/api.w.org\/{rel}","templated":true}]}}